{"id":1851,"date":"2020-11-25T16:40:17","date_gmt":"2020-11-25T15:40:17","guid":{"rendered":"https:\/\/antiguo.jaleomadrid.com\/?p=1851"},"modified":"2023-03-11T23:10:48","modified_gmt":"2023-03-11T22:10:48","slug":"los-hispanos-tambien-tenemos-dudas-con-el-espanol","status":"publish","type":"post","link":"https:\/\/jaleomadrid.com\/de\/los-hispanos-tambien-tenemos-dudas-con-el-espanol\/","title":{"rendered":"Los hispanos tambi\u00e9n tenemos dudas con el espa\u00f1ol"},"content":{"rendered":"<p>No has sido profesor de espa\u00f1ol si nunca has escuchado en clase esta frase: <strong>\"\u00bfPor qu\u00e9 esto se dice as\u00ed?\"<\/strong>. Tampoco eres profe si no has escuchado alguna queja sobre los numerosos tiempos, conjugaciones y modos del espa\u00f1ol. Lo que no saben nuestros estudiantes es que las personas que tienen como lengua materna el espa\u00f1ol tambi\u00e9n tienen dudas y cometen errores.<\/p>\n<p>Esta semana hemos tenido noticias de la <strong>Real Academia Espa\u00f1ola (RAE)<\/strong>, die neue W\u00f6rter in den Wortschatz aufgenommen hat und die<a href=\"https:\/\/www.20minutos.es\/noticia\/4486812\/0\/la-rae-recomienda-para-reirse-por-escrito-ja-mejor-que-ha-y-explica-por-que-no-se-dice-sintigo\/?autoref=true\"> hat ver\u00f6ffentlicht <strong><em>Cr\u00f3nica de la Lengua Espa\u00f1ola<\/em><\/strong><\/a>. En esta \u00faltima obra se incluyen algunas consultas y dudas relacionadas con el espa\u00f1ol. Por este motivo, hemos decidido hablar de algunos errores y dudas comunes de los nativos en nuestro idioma.<\/p>\n<ul>\n<li><strong>El imperativo infinitivo<\/strong>: Un problema muy com\u00fan entre algunos nativos de espa\u00f1ol es pensar que el imperativo de vosotros no existe. En ese mundo de leyenda lo habitual es que la gente diga <em>\"ir all\u00ed\"<\/em> o <em>\"venir a tomar una cerveza\"<\/em>, anstelle von \"id\" und \"venid\" entsprechend.<\/li>\n<li><strong>La\u00edsmo, le\u00edsmo, lo\u00edsmo:<\/strong> En el centro de la Pen\u00ednsula Ib\u00e9rica hay una grand\u00edsimas dificultades para diferenciar los complementos directos e indirectos. Queridos estudiantes, tambi\u00e9n nos pasa a los nativos. De este modo, escuchar <em>\"la dije\"<\/em> Anstelle von \"le dije\" ist es ein kleiner Horror in den Calles von Madrid.<\/li>\n<li><em>Las condicionales del norte:<\/em> La segunda condicional, la del imperfecto de subjuntivo, es igual de legendaria en el norte de Espa\u00f1a. All\u00ed es com\u00fan cometer el error de decir<em> \"si ser\u00eda\"<\/em> anstelle von \"si fuese\".<strong> Cuando los profesores de espa\u00f1ol dicen que los nativos no tenemos problemas con el subjuntivo, mienten<\/strong> (una vez m\u00e1s).<\/li>\n<li><strong>El indefinido con \"s\":<\/strong> El indefinido o el pret\u00e9rito perfecto simple es tambi\u00e9n protagonista en esta galer\u00eda de los errores. En este caso, el problema viene cuando pensamos en la forma de \"t\u00fa\". Muchos nativos sueltan una \"s\" al final que hace llorar a muchas personas. Por ejemplo, en ese mundo, \"<em>dijistes<\/em>\" sustituye a \"dijiste\".<\/li>\n<li><strong>Probleme mit dem Ton \"ce\":<\/strong> In den meisten hispanischen L\u00e4ndern wird das Wort \"ese\" mit dem Wort \"ce\" gleichgesetzt. Por este motivo, \"caza\" y \"casa\" pueden llegar a sonar de forma similar a los o\u00eddos de la persona que escucha. El contexto nos ayuda a diferenciarlos, sin embargo, el problema llega cuando hay que escribir. De este modo, podemos encontrarnos con algunos problemas ortogr\u00e1ficos en algunos textos.<\/li>\n<\/ul>\n<p>Esperamos que con estos ejemplos os sint\u00e1is mejor al hablar castellano. Nadie es perfecto. Si quieres ayudar a corregir tus errores, no dudes en pasarte por una de <a href=\"https:\/\/antiguo.jaleomadrid.com\/spanish-conversation-classes\/\">nuestras clases de espa\u00f1ol<\/a>.<\/p>","protected":false},"excerpt":{"rendered":"<p>No has sido profesor de espa\u00f1ol si nunca has escuchado en clase esta frase: &#8220;\u00bfPor qu\u00e9 esto se dice as\u00ed?&#8221;. Tampoco eres profe si no has escuchado alguna queja sobre los numerosos tiempos, conjugaciones y modos del espa\u00f1ol. Lo que no saben nuestros estudiantes es que las personas que tienen como lengua materna el espa\u00f1ol [&hellip;]<\/p>\n","protected":false},"author":2,"featured_media":3048,"comment_status":"closed","ping_status":"open","sticky":false,"template":"","format":"standard","meta":{"inline_featured_image":false,"footnotes":""},"categories":[129],"tags":[186,187,188],"class_list":["post-1851","post","type-post","status-publish","format-standard","has-post-thumbnail","hentry","category-speaking","tag-errores","tag-nativos","tag-rae"],"yoast_head":"<!-- This site is optimized with the Yoast SEO plugin v27.5 - https:\/\/yoast.com\/product\/yoast-seo-wordpress\/ -->\n<title>Los hispanos tambi\u00e9n tenemos dudas con el espa\u00f1ol<\/title>\n<meta name=\"description\" content=\"Lo que no saben nuestros estudiantes es que las personas que tienen como lengua materna el espa\u00f1ol tambi\u00e9n tienen dudas y cometen errores.\" \/>\n<meta name=\"robots\" content=\"index, follow, max-snippet:-1, max-image-preview:large, max-video-preview:-1\" \/>\n<link rel=\"canonical\" href=\"https:\/\/jaleomadrid.com\/de\/los-hispanos-tambien-tenemos-dudas-con-el-espanol\/\" \/>\n<meta property=\"og:locale\" content=\"de_DE\" \/>\n<meta property=\"og:type\" content=\"article\" \/>\n<meta property=\"og:title\" content=\"Los hispanos tambi\u00e9n tenemos dudas con el espa\u00f1ol\" \/>\n<meta property=\"og:description\" content=\"Lo que no saben nuestros estudiantes es que las personas que tienen como lengua materna el espa\u00f1ol tambi\u00e9n tienen dudas y cometen errores.\" \/>\n<meta property=\"og:url\" content=\"https:\/\/jaleomadrid.com\/de\/los-hispanos-tambien-tenemos-dudas-con-el-espanol\/\" \/>\n<meta property=\"og:site_name\" content=\"Jaleo Madrid Spanish School\" \/>\n<meta property=\"article:publisher\" content=\"https:\/\/www.facebook.com\/JaleoMad\" \/>\n<meta property=\"article:published_time\" content=\"2020-11-25T15:40:17+00:00\" \/>\n<meta property=\"article:modified_time\" content=\"2023-03-11T22:10:48+00:00\" \/>\n<meta property=\"og:image\" content=\"https:\/\/jaleomadrid.com\/wp-content\/uploads\/2023\/03\/errores_espano.jpg\" \/>\n\t<meta property=\"og:image:width\" content=\"1920\" \/>\n\t<meta property=\"og:image:height\" content=\"1280\" \/>\n\t<meta property=\"og:image:type\" content=\"image\/jpeg\" \/>\n<meta name=\"author\" content=\"JaleoMadrid\" \/>\n<meta name=\"twitter:card\" content=\"summary_large_image\" \/>\n<meta name=\"twitter:creator\" content=\"@Jaleo_Madrid\" \/>\n<meta name=\"twitter:site\" content=\"@Jaleo_Madrid\" \/>\n<meta name=\"twitter:label1\" content=\"Verfasst von\" \/>\n\t<meta name=\"twitter:data1\" content=\"JaleoMadrid\" \/>\n\t<meta name=\"twitter:label2\" content=\"Gesch\u00e4tzte Lesezeit\" \/>\n\t<meta name=\"twitter:data2\" content=\"2\u00a0Minuten\" \/>\n<script type=\"application\/ld+json\" class=\"yoast-schema-graph\">{\"@context\":\"https:\\\/\\\/schema.org\",\"@graph\":[{\"@type\":[\"Article\",\"BlogPosting\"],\"@id\":\"https:\\\/\\\/jaleomadrid.com\\\/los-hispanos-tambien-tenemos-dudas-con-el-espanol\\\/#article\",\"isPartOf\":{\"@id\":\"https:\\\/\\\/jaleomadrid.com\\\/los-hispanos-tambien-tenemos-dudas-con-el-espanol\\\/\"},\"author\":{\"name\":\"JaleoMadrid\",\"@id\":\"https:\\\/\\\/jaleomadrid.com\\\/#\\\/schema\\\/person\\\/1aa4d134d7bd041edbadc70edafbadee\"},\"headline\":\"Los hispanos tambi\u00e9n tenemos dudas con el espa\u00f1ol\",\"datePublished\":\"2020-11-25T15:40:17+00:00\",\"dateModified\":\"2023-03-11T22:10:48+00:00\",\"mainEntityOfPage\":{\"@id\":\"https:\\\/\\\/jaleomadrid.com\\\/los-hispanos-tambien-tenemos-dudas-con-el-espanol\\\/\"},\"wordCount\":470,\"publisher\":{\"@id\":\"https:\\\/\\\/jaleomadrid.com\\\/#organization\"},\"image\":{\"@id\":\"https:\\\/\\\/jaleomadrid.com\\\/los-hispanos-tambien-tenemos-dudas-con-el-espanol\\\/#primaryimage\"},\"thumbnailUrl\":\"https:\\\/\\\/jaleomadrid.com\\\/wp-content\\\/uploads\\\/2023\\\/03\\\/errores_espano.jpg\",\"keywords\":[\"errores\",\"nativos\",\"RAE\"],\"articleSection\":[\"Speaking\"],\"inLanguage\":\"de\"},{\"@type\":[\"WebPage\",\"ItemPage\"],\"@id\":\"https:\\\/\\\/jaleomadrid.com\\\/los-hispanos-tambien-tenemos-dudas-con-el-espanol\\\/\",\"url\":\"https:\\\/\\\/jaleomadrid.com\\\/los-hispanos-tambien-tenemos-dudas-con-el-espanol\\\/\",\"name\":\"Los hispanos tambi\u00e9n tenemos dudas con el espa\u00f1ol\",\"isPartOf\":{\"@id\":\"https:\\\/\\\/jaleomadrid.com\\\/#website\"},\"primaryImageOfPage\":{\"@id\":\"https:\\\/\\\/jaleomadrid.com\\\/los-hispanos-tambien-tenemos-dudas-con-el-espanol\\\/#primaryimage\"},\"image\":{\"@id\":\"https:\\\/\\\/jaleomadrid.com\\\/los-hispanos-tambien-tenemos-dudas-con-el-espanol\\\/#primaryimage\"},\"thumbnailUrl\":\"https:\\\/\\\/jaleomadrid.com\\\/wp-content\\\/uploads\\\/2023\\\/03\\\/errores_espano.jpg\",\"datePublished\":\"2020-11-25T15:40:17+00:00\",\"dateModified\":\"2023-03-11T22:10:48+00:00\",\"description\":\"Lo que no saben nuestros estudiantes es que las personas que tienen como lengua materna el espa\u00f1ol tambi\u00e9n tienen dudas y cometen errores.\",\"breadcrumb\":{\"@id\":\"https:\\\/\\\/jaleomadrid.com\\\/los-hispanos-tambien-tenemos-dudas-con-el-espanol\\\/#breadcrumb\"},\"inLanguage\":\"de\",\"potentialAction\":[{\"@type\":\"ReadAction\",\"target\":[\"https:\\\/\\\/jaleomadrid.com\\\/los-hispanos-tambien-tenemos-dudas-con-el-espanol\\\/\"]}]},{\"@type\":\"ImageObject\",\"inLanguage\":\"de\",\"@id\":\"https:\\\/\\\/jaleomadrid.com\\\/los-hispanos-tambien-tenemos-dudas-con-el-espanol\\\/#primaryimage\",\"url\":\"https:\\\/\\\/jaleomadrid.com\\\/wp-content\\\/uploads\\\/2023\\\/03\\\/errores_espano.jpg\",\"contentUrl\":\"https:\\\/\\\/jaleomadrid.com\\\/wp-content\\\/uploads\\\/2023\\\/03\\\/errores_espano.jpg\",\"width\":1500,\"height\":1000},{\"@type\":\"BreadcrumbList\",\"@id\":\"https:\\\/\\\/jaleomadrid.com\\\/los-hispanos-tambien-tenemos-dudas-con-el-espanol\\\/#breadcrumb\",\"itemListElement\":[{\"@type\":\"ListItem\",\"position\":1,\"name\":\"Home\",\"item\":\"https:\\\/\\\/jaleomadrid.com\\\/\"},{\"@type\":\"ListItem\",\"position\":2,\"name\":\"Job\",\"item\":\"https:\\\/\\\/jaleomadrid.com\\\/tag\\\/job\\\/\"},{\"@type\":\"ListItem\",\"position\":3,\"name\":\"Los hispanos tambi\u00e9n tenemos dudas con el espa\u00f1ol\"}]},{\"@type\":\"WebSite\",\"@id\":\"https:\\\/\\\/jaleomadrid.com\\\/#website\",\"url\":\"https:\\\/\\\/jaleomadrid.com\\\/\",\"name\":\"Jaleo Madrid Spanish School\",\"description\":\"A Spanish School Founded by Spanish Teachers\",\"publisher\":{\"@id\":\"https:\\\/\\\/jaleomadrid.com\\\/#organization\"},\"potentialAction\":[{\"@type\":\"SearchAction\",\"target\":{\"@type\":\"EntryPoint\",\"urlTemplate\":\"https:\\\/\\\/jaleomadrid.com\\\/?s={search_term_string}\"},\"query-input\":{\"@type\":\"PropertyValueSpecification\",\"valueRequired\":true,\"valueName\":\"search_term_string\"}}],\"inLanguage\":\"de\"},{\"@type\":\"Organization\",\"@id\":\"https:\\\/\\\/jaleomadrid.com\\\/#organization\",\"name\":\"Jaleo Madrid Spanish School\",\"url\":\"https:\\\/\\\/jaleomadrid.com\\\/\",\"logo\":{\"@type\":\"ImageObject\",\"inLanguage\":\"de\",\"@id\":\"https:\\\/\\\/jaleomadrid.com\\\/#\\\/schema\\\/logo\\\/image\\\/\",\"url\":\"https:\\\/\\\/jaleomadrid.com\\\/wp-content\\\/uploads\\\/2023\\\/03\\\/logotipo-jaleo-madrid-spanish-school-square.jpg\",\"contentUrl\":\"https:\\\/\\\/jaleomadrid.com\\\/wp-content\\\/uploads\\\/2023\\\/03\\\/logotipo-jaleo-madrid-spanish-school-square.jpg\",\"width\":1000,\"height\":1000,\"caption\":\"Jaleo Madrid Spanish School\"},\"image\":{\"@id\":\"https:\\\/\\\/jaleomadrid.com\\\/#\\\/schema\\\/logo\\\/image\\\/\"},\"sameAs\":[\"https:\\\/\\\/www.facebook.com\\\/JaleoMad\",\"https:\\\/\\\/x.com\\\/Jaleo_Madrid\",\"https:\\\/\\\/www.instagram.com\\\/jaleo_madrid\\\/\",\"https:\\\/\\\/www.youtube.com\\\/channel\\\/UC7eSC6efjfRPuuawyJv-1mA\"]},{\"@type\":\"Person\",\"@id\":\"https:\\\/\\\/jaleomadrid.com\\\/#\\\/schema\\\/person\\\/1aa4d134d7bd041edbadc70edafbadee\",\"name\":\"JaleoMadrid\",\"image\":{\"@type\":\"ImageObject\",\"inLanguage\":\"de\",\"@id\":\"https:\\\/\\\/secure.gravatar.com\\\/avatar\\\/058d5402d57882d5d77fc87b4ad4198b4c2366f88bf1fb134bec6a6c887ac70f?s=96&d=mm&r=g\",\"url\":\"https:\\\/\\\/secure.gravatar.com\\\/avatar\\\/058d5402d57882d5d77fc87b4ad4198b4c2366f88bf1fb134bec6a6c887ac70f?s=96&d=mm&r=g\",\"contentUrl\":\"https:\\\/\\\/secure.gravatar.com\\\/avatar\\\/058d5402d57882d5d77fc87b4ad4198b4c2366f88bf1fb134bec6a6c887ac70f?s=96&d=mm&r=g\",\"caption\":\"JaleoMadrid\"},\"url\":\"https:\\\/\\\/jaleomadrid.com\\\/de\\\/author\\\/jaleomadrid\\\/\"}]}<\/script>\n<!-- \/ Yoast SEO plugin. -->","yoast_head_json":{"title":"Los hispanos tambi\u00e9n tenemos dudas con el espa\u00f1ol","description":"Lo que no saben nuestros estudiantes es que las personas que tienen como lengua materna el espa\u00f1ol tambi\u00e9n tienen dudas y cometen errores.","robots":{"index":"index","follow":"follow","max-snippet":"max-snippet:-1","max-image-preview":"max-image-preview:large","max-video-preview":"max-video-preview:-1"},"canonical":"https:\/\/jaleomadrid.com\/de\/los-hispanos-tambien-tenemos-dudas-con-el-espanol\/","og_locale":"de_DE","og_type":"article","og_title":"Los hispanos tambi\u00e9n tenemos dudas con el espa\u00f1ol","og_description":"Lo que no saben nuestros estudiantes es que las personas que tienen como lengua materna el espa\u00f1ol tambi\u00e9n tienen dudas y cometen errores.","og_url":"https:\/\/jaleomadrid.com\/de\/los-hispanos-tambien-tenemos-dudas-con-el-espanol\/","og_site_name":"Jaleo Madrid Spanish School","article_publisher":"https:\/\/www.facebook.com\/JaleoMad","article_published_time":"2020-11-25T15:40:17+00:00","article_modified_time":"2023-03-11T22:10:48+00:00","og_image":[{"width":1920,"height":1280,"url":"https:\/\/jaleomadrid.com\/wp-content\/uploads\/2023\/03\/errores_espano.jpg","type":"image\/jpeg"}],"author":"JaleoMadrid","twitter_card":"summary_large_image","twitter_creator":"@Jaleo_Madrid","twitter_site":"@Jaleo_Madrid","twitter_misc":{"Verfasst von":"JaleoMadrid","Gesch\u00e4tzte Lesezeit":"2\u00a0Minuten"},"schema":{"@context":"https:\/\/schema.org","@graph":[{"@type":["Article","BlogPosting"],"@id":"https:\/\/jaleomadrid.com\/los-hispanos-tambien-tenemos-dudas-con-el-espanol\/#article","isPartOf":{"@id":"https:\/\/jaleomadrid.com\/los-hispanos-tambien-tenemos-dudas-con-el-espanol\/"},"author":{"name":"JaleoMadrid","@id":"https:\/\/jaleomadrid.com\/#\/schema\/person\/1aa4d134d7bd041edbadc70edafbadee"},"headline":"Los hispanos tambi\u00e9n tenemos dudas con el espa\u00f1ol","datePublished":"2020-11-25T15:40:17+00:00","dateModified":"2023-03-11T22:10:48+00:00","mainEntityOfPage":{"@id":"https:\/\/jaleomadrid.com\/los-hispanos-tambien-tenemos-dudas-con-el-espanol\/"},"wordCount":470,"publisher":{"@id":"https:\/\/jaleomadrid.com\/#organization"},"image":{"@id":"https:\/\/jaleomadrid.com\/los-hispanos-tambien-tenemos-dudas-con-el-espanol\/#primaryimage"},"thumbnailUrl":"https:\/\/jaleomadrid.com\/wp-content\/uploads\/2023\/03\/errores_espano.jpg","keywords":["errores","nativos","RAE"],"articleSection":["Speaking"],"inLanguage":"de"},{"@type":["WebPage","ItemPage"],"@id":"https:\/\/jaleomadrid.com\/los-hispanos-tambien-tenemos-dudas-con-el-espanol\/","url":"https:\/\/jaleomadrid.com\/los-hispanos-tambien-tenemos-dudas-con-el-espanol\/","name":"Los hispanos tambi\u00e9n tenemos dudas con el espa\u00f1ol","isPartOf":{"@id":"https:\/\/jaleomadrid.com\/#website"},"primaryImageOfPage":{"@id":"https:\/\/jaleomadrid.com\/los-hispanos-tambien-tenemos-dudas-con-el-espanol\/#primaryimage"},"image":{"@id":"https:\/\/jaleomadrid.com\/los-hispanos-tambien-tenemos-dudas-con-el-espanol\/#primaryimage"},"thumbnailUrl":"https:\/\/jaleomadrid.com\/wp-content\/uploads\/2023\/03\/errores_espano.jpg","datePublished":"2020-11-25T15:40:17+00:00","dateModified":"2023-03-11T22:10:48+00:00","description":"Lo que no saben nuestros estudiantes es que las personas que tienen como lengua materna el espa\u00f1ol tambi\u00e9n tienen dudas y cometen errores.","breadcrumb":{"@id":"https:\/\/jaleomadrid.com\/los-hispanos-tambien-tenemos-dudas-con-el-espanol\/#breadcrumb"},"inLanguage":"de","potentialAction":[{"@type":"ReadAction","target":["https:\/\/jaleomadrid.com\/los-hispanos-tambien-tenemos-dudas-con-el-espanol\/"]}]},{"@type":"ImageObject","inLanguage":"de","@id":"https:\/\/jaleomadrid.com\/los-hispanos-tambien-tenemos-dudas-con-el-espanol\/#primaryimage","url":"https:\/\/jaleomadrid.com\/wp-content\/uploads\/2023\/03\/errores_espano.jpg","contentUrl":"https:\/\/jaleomadrid.com\/wp-content\/uploads\/2023\/03\/errores_espano.jpg","width":1500,"height":1000},{"@type":"BreadcrumbList","@id":"https:\/\/jaleomadrid.com\/los-hispanos-tambien-tenemos-dudas-con-el-espanol\/#breadcrumb","itemListElement":[{"@type":"ListItem","position":1,"name":"Home","item":"https:\/\/jaleomadrid.com\/"},{"@type":"ListItem","position":2,"name":"Job","item":"https:\/\/jaleomadrid.com\/tag\/job\/"},{"@type":"ListItem","position":3,"name":"Los hispanos tambi\u00e9n tenemos dudas con el espa\u00f1ol"}]},{"@type":"WebSite","@id":"https:\/\/jaleomadrid.com\/#website","url":"https:\/\/jaleomadrid.com\/","name":"Jaleo Madrid Spanisch Schule","description":"Eine von Spanischlehrern gegr\u00fcndete Spanischschule","publisher":{"@id":"https:\/\/jaleomadrid.com\/#organization"},"potentialAction":[{"@type":"SearchAction","target":{"@type":"EntryPoint","urlTemplate":"https:\/\/jaleomadrid.com\/?s={search_term_string}"},"query-input":{"@type":"PropertyValueSpecification","valueRequired":true,"valueName":"search_term_string"}}],"inLanguage":"de"},{"@type":"Organization","@id":"https:\/\/jaleomadrid.com\/#organization","name":"Jaleo Madrid Spanisch Schule","url":"https:\/\/jaleomadrid.com\/","logo":{"@type":"ImageObject","inLanguage":"de","@id":"https:\/\/jaleomadrid.com\/#\/schema\/logo\/image\/","url":"https:\/\/jaleomadrid.com\/wp-content\/uploads\/2023\/03\/logotipo-jaleo-madrid-spanish-school-square.jpg","contentUrl":"https:\/\/jaleomadrid.com\/wp-content\/uploads\/2023\/03\/logotipo-jaleo-madrid-spanish-school-square.jpg","width":1000,"height":1000,"caption":"Jaleo Madrid Spanish School"},"image":{"@id":"https:\/\/jaleomadrid.com\/#\/schema\/logo\/image\/"},"sameAs":["https:\/\/www.facebook.com\/JaleoMad","https:\/\/x.com\/Jaleo_Madrid","https:\/\/www.instagram.com\/jaleo_madrid\/","https:\/\/www.youtube.com\/channel\/UC7eSC6efjfRPuuawyJv-1mA"]},{"@type":"Person","@id":"https:\/\/jaleomadrid.com\/#\/schema\/person\/1aa4d134d7bd041edbadc70edafbadee","name":"JaleoMadrid","image":{"@type":"ImageObject","inLanguage":"de","@id":"https:\/\/secure.gravatar.com\/avatar\/058d5402d57882d5d77fc87b4ad4198b4c2366f88bf1fb134bec6a6c887ac70f?s=96&d=mm&r=g","url":"https:\/\/secure.gravatar.com\/avatar\/058d5402d57882d5d77fc87b4ad4198b4c2366f88bf1fb134bec6a6c887ac70f?s=96&d=mm&r=g","contentUrl":"https:\/\/secure.gravatar.com\/avatar\/058d5402d57882d5d77fc87b4ad4198b4c2366f88bf1fb134bec6a6c887ac70f?s=96&d=mm&r=g","caption":"JaleoMadrid"},"url":"https:\/\/jaleomadrid.com\/de\/author\/jaleomadrid\/"}]}},"_links":{"self":[{"href":"https:\/\/jaleomadrid.com\/de\/wp-json\/wp\/v2\/posts\/1851","targetHints":{"allow":["GET"]}}],"collection":[{"href":"https:\/\/jaleomadrid.com\/de\/wp-json\/wp\/v2\/posts"}],"about":[{"href":"https:\/\/jaleomadrid.com\/de\/wp-json\/wp\/v2\/types\/post"}],"author":[{"embeddable":true,"href":"https:\/\/jaleomadrid.com\/de\/wp-json\/wp\/v2\/users\/2"}],"replies":[{"embeddable":true,"href":"https:\/\/jaleomadrid.com\/de\/wp-json\/wp\/v2\/comments?post=1851"}],"version-history":[{"count":0,"href":"https:\/\/jaleomadrid.com\/de\/wp-json\/wp\/v2\/posts\/1851\/revisions"}],"wp:featuredmedia":[{"embeddable":true,"href":"https:\/\/jaleomadrid.com\/de\/wp-json\/wp\/v2\/media\/3048"}],"wp:attachment":[{"href":"https:\/\/jaleomadrid.com\/de\/wp-json\/wp\/v2\/media?parent=1851"}],"wp:term":[{"taxonomy":"category","embeddable":true,"href":"https:\/\/jaleomadrid.com\/de\/wp-json\/wp\/v2\/categories?post=1851"},{"taxonomy":"post_tag","embeddable":true,"href":"https:\/\/jaleomadrid.com\/de\/wp-json\/wp\/v2\/tags?post=1851"}],"curies":[{"name":"wp","href":"https:\/\/api.w.org\/{rel}","templated":true}]}}