{"id":1894,"date":"2021-02-03T12:48:53","date_gmt":"2021-02-03T11:48:53","guid":{"rendered":"https:\/\/antiguo.jaleomadrid.com\/?p=1894"},"modified":"2023-03-11T23:10:46","modified_gmt":"2023-03-11T22:10:46","slug":"cinco-verbos-que-cambian-de-significado-cuando-tienen-se","status":"publish","type":"post","link":"https:\/\/jaleomadrid.com\/de\/cinco-verbos-que-cambian-de-significado-cuando-tienen-se\/","title":{"rendered":"Cinco verbos que cambian de significado cuando tienen \u201cse\u201d"},"content":{"rendered":"<p>Uno de los momentos m\u00e1s dram\u00e1ticos con el que nos encontramos en las clases de espa\u00f1ol es cuando tenemos que explicar algunos de los usos del \"se\". Nunca una palabra tan peque\u00f1a caus\u00f3 tantos problemas. Nuestros seguidores en las redes sociales, sabr\u00e1n que esta semana estamos hablando de la diferencia entre \"quedar\" y \"quedarse\" (no olvid\u00e9is de pasaros por <a href=\"https:\/\/www.instagram.com\/p\/CKo_C4snZEN\/\">nuestro Instagram<\/a>), y <strong>hoy vamos a hablar de otros verbos que cambian cuando se les agrega un \"se\"<\/strong>.<\/p>\n<ul>\n<li><strong>Acordar \/ Acordarse:<\/strong> Aqu\u00ed nos encontramos con dos verbos que no tienen ninguna relaci\u00f3n cuando se les agrega el \"se\". \"Acordar\" est\u00e1 relacionado con \"acuerdo\" y significa llegar a un acuerdo. Es un verbo formal, pero bastante usado. Por ejemplo: \"Acordaron que la reuni\u00f3n ser\u00eda el lunes por la ma\u00f1ana\". Por otro lado, \"acordarse\" es un sin\u00f3nimo de recordar, as\u00ed que <strong>si tienes una memoria de pez, seguro que siempre estar\u00e1s diciendo \"no me acuerdo\".<\/strong><\/li>\n<li><strong>Encontrar \/ encontrarse:<\/strong> En este caso, los verbos son muy similares y la diferencia de su significado se encuentra en la casualidad. Im ersten Verb suchst du die Sache, w\u00e4hrend sie im zweiten nur zuf\u00e4llig vorkommt.<\/li>\n<li><strong>Creer \/ Creerse:<\/strong> El primero estar\u00eda relacionado con el verbo \"pensar\", como por ejemplo en \"creo que escribes muy bien\". Por su parte, creerse significa aceptar algo como verdad, aunque muchas veces este significado se puede perder en la traducci\u00f3n a otros idiomas.<strong> \"No me creo que se haya dormido otra vez\".<\/strong><\/li>\n<li><strong>Dormir \/ Dormirse:<\/strong> Cuidado con los verbos que utilizamos por la noche. Si usamos de \"dormir\" estamos normalmente hablando de la cantidad de tiempo que estamos con los ojos cerrados, mientras que si el verbo es \"dormirse\", pensamos en el momento. Por ejemplo: \"Normalmente me duermo a las 23.30 y duermo ocho horas\".<\/li>\n<li><strong>Fijar \/ Fijarse:<\/strong> Fijar se ajusta m\u00e1s a la posici\u00f3n de una cosa, es decir, si est\u00e1 fija, como \"fijar un cuadro a la pared\". Por su parte, su primo con \"se\" est\u00e1 hablando de la posici\u00f3n de la vista. <strong>\"Me he fijado en que tus gafas son nuevas\".<\/strong><\/li>\n<\/ul>\n<p>Si tienes alguna pregunta, no dudes en pasarte por<a href=\"https:\/\/antiguo.jaleomadrid.com\/es\/\"> eine von unseren Klassen<\/a>. Y si te ha gustado, no te olvides compartirlo en las <a href=\"https:\/\/www.instagram.com\/jaleo_madrid\/\">redes sociales<\/a>.<\/p>","protected":false},"excerpt":{"rendered":"<p>Uno de los momentos m\u00e1s dram\u00e1ticos con el que nos encontramos en las clases de espa\u00f1ol es cuando tenemos que explicar algunos de los usos del &#8220;se&#8221;. Nunca una palabra tan peque\u00f1a caus\u00f3 tantos problemas. Nuestros seguidores en las redes sociales, sabr\u00e1n que esta semana estamos hablando de la diferencia entre &#8220;quedar&#8221; y &#8220;quedarse&#8221; (no [&hellip;]<\/p>\n","protected":false},"author":2,"featured_media":3053,"comment_status":"closed","ping_status":"open","sticky":false,"template":"","format":"standard","meta":{"inline_featured_image":false,"footnotes":""},"categories":[101],"tags":[196,184],"class_list":["post-1894","post","type-post","status-publish","format-standard","has-post-thumbnail","hentry","category-lost-in-translation","tag-se","tag-verbos"],"yoast_head":"<!-- This site is optimized with the Yoast SEO plugin v27.5 - https:\/\/yoast.com\/product\/yoast-seo-wordpress\/ -->\n<title>Cinco verbos que cambian de significado cuando tienen &quot;se&quot;<\/title>\n<meta name=\"description\" content=\"Uno de los momentos m\u00e1s dram\u00e1ticos con el que nos encontramos en las clases de espa\u00f1ol es cuando tenemos que explicar algunos de los usos del &quot;se&quot;.\" \/>\n<meta name=\"robots\" content=\"index, follow, max-snippet:-1, max-image-preview:large, max-video-preview:-1\" \/>\n<link rel=\"canonical\" href=\"https:\/\/jaleomadrid.com\/de\/cinco-verbos-que-cambian-de-significado-cuando-tienen-se\/\" \/>\n<meta property=\"og:locale\" content=\"de_DE\" \/>\n<meta property=\"og:type\" content=\"article\" \/>\n<meta property=\"og:title\" content=\"Cinco verbos que cambian de significado cuando tienen &quot;se&quot;\" \/>\n<meta property=\"og:description\" content=\"Uno de los momentos m\u00e1s dram\u00e1ticos con el que nos encontramos en las clases de espa\u00f1ol es cuando tenemos que explicar algunos de los usos del &quot;se&quot;.\" \/>\n<meta property=\"og:url\" content=\"https:\/\/jaleomadrid.com\/de\/cinco-verbos-que-cambian-de-significado-cuando-tienen-se\/\" \/>\n<meta property=\"og:site_name\" content=\"Jaleo Madrid Spanish School\" \/>\n<meta property=\"article:publisher\" content=\"https:\/\/www.facebook.com\/JaleoMad\" \/>\n<meta property=\"article:published_time\" content=\"2021-02-03T11:48:53+00:00\" \/>\n<meta property=\"article:modified_time\" content=\"2023-03-11T22:10:46+00:00\" \/>\n<meta property=\"og:image\" content=\"https:\/\/jaleomadrid.com\/wp-content\/uploads\/2023\/03\/verbos_con_se.jpg\" \/>\n\t<meta property=\"og:image:width\" content=\"1920\" \/>\n\t<meta property=\"og:image:height\" content=\"1281\" \/>\n\t<meta property=\"og:image:type\" content=\"image\/jpeg\" \/>\n<meta name=\"author\" content=\"JaleoMadrid\" \/>\n<meta name=\"twitter:card\" content=\"summary_large_image\" \/>\n<meta name=\"twitter:creator\" content=\"@Jaleo_Madrid\" \/>\n<meta name=\"twitter:site\" content=\"@Jaleo_Madrid\" \/>\n<meta name=\"twitter:label1\" content=\"Verfasst von\" \/>\n\t<meta name=\"twitter:data1\" content=\"JaleoMadrid\" \/>\n\t<meta name=\"twitter:label2\" content=\"Gesch\u00e4tzte Lesezeit\" \/>\n\t<meta name=\"twitter:data2\" content=\"2\u00a0Minuten\" \/>\n<script type=\"application\/ld+json\" class=\"yoast-schema-graph\">{\"@context\":\"https:\\\/\\\/schema.org\",\"@graph\":[{\"@type\":[\"Article\",\"BlogPosting\"],\"@id\":\"https:\\\/\\\/jaleomadrid.com\\\/cinco-verbos-que-cambian-de-significado-cuando-tienen-se\\\/#article\",\"isPartOf\":{\"@id\":\"https:\\\/\\\/jaleomadrid.com\\\/cinco-verbos-que-cambian-de-significado-cuando-tienen-se\\\/\"},\"author\":{\"name\":\"JaleoMadrid\",\"@id\":\"https:\\\/\\\/jaleomadrid.com\\\/#\\\/schema\\\/person\\\/1aa4d134d7bd041edbadc70edafbadee\"},\"headline\":\"Cinco verbos que cambian de significado cuando tienen &#8220;se&#8221;\",\"datePublished\":\"2021-02-03T11:48:53+00:00\",\"dateModified\":\"2023-03-11T22:10:46+00:00\",\"mainEntityOfPage\":{\"@id\":\"https:\\\/\\\/jaleomadrid.com\\\/cinco-verbos-que-cambian-de-significado-cuando-tienen-se\\\/\"},\"wordCount\":392,\"publisher\":{\"@id\":\"https:\\\/\\\/jaleomadrid.com\\\/#organization\"},\"image\":{\"@id\":\"https:\\\/\\\/jaleomadrid.com\\\/cinco-verbos-que-cambian-de-significado-cuando-tienen-se\\\/#primaryimage\"},\"thumbnailUrl\":\"https:\\\/\\\/jaleomadrid.com\\\/wp-content\\\/uploads\\\/2023\\\/03\\\/verbos_con_se.jpg\",\"keywords\":[\"se\",\"verbos\"],\"articleSection\":[\"Lost in Translation\"],\"inLanguage\":\"de\"},{\"@type\":[\"WebPage\",\"ItemPage\"],\"@id\":\"https:\\\/\\\/jaleomadrid.com\\\/cinco-verbos-que-cambian-de-significado-cuando-tienen-se\\\/\",\"url\":\"https:\\\/\\\/jaleomadrid.com\\\/cinco-verbos-que-cambian-de-significado-cuando-tienen-se\\\/\",\"name\":\"Cinco verbos que cambian de significado cuando tienen \\\"se\\\"\",\"isPartOf\":{\"@id\":\"https:\\\/\\\/jaleomadrid.com\\\/#website\"},\"primaryImageOfPage\":{\"@id\":\"https:\\\/\\\/jaleomadrid.com\\\/cinco-verbos-que-cambian-de-significado-cuando-tienen-se\\\/#primaryimage\"},\"image\":{\"@id\":\"https:\\\/\\\/jaleomadrid.com\\\/cinco-verbos-que-cambian-de-significado-cuando-tienen-se\\\/#primaryimage\"},\"thumbnailUrl\":\"https:\\\/\\\/jaleomadrid.com\\\/wp-content\\\/uploads\\\/2023\\\/03\\\/verbos_con_se.jpg\",\"datePublished\":\"2021-02-03T11:48:53+00:00\",\"dateModified\":\"2023-03-11T22:10:46+00:00\",\"description\":\"Uno de los momentos m\u00e1s dram\u00e1ticos con el que nos encontramos en las clases de espa\u00f1ol es cuando tenemos que explicar algunos de los usos del \\\"se\\\".\",\"breadcrumb\":{\"@id\":\"https:\\\/\\\/jaleomadrid.com\\\/cinco-verbos-que-cambian-de-significado-cuando-tienen-se\\\/#breadcrumb\"},\"inLanguage\":\"de\",\"potentialAction\":[{\"@type\":\"ReadAction\",\"target\":[\"https:\\\/\\\/jaleomadrid.com\\\/cinco-verbos-que-cambian-de-significado-cuando-tienen-se\\\/\"]}]},{\"@type\":\"ImageObject\",\"inLanguage\":\"de\",\"@id\":\"https:\\\/\\\/jaleomadrid.com\\\/cinco-verbos-que-cambian-de-significado-cuando-tienen-se\\\/#primaryimage\",\"url\":\"https:\\\/\\\/jaleomadrid.com\\\/wp-content\\\/uploads\\\/2023\\\/03\\\/verbos_con_se.jpg\",\"contentUrl\":\"https:\\\/\\\/jaleomadrid.com\\\/wp-content\\\/uploads\\\/2023\\\/03\\\/verbos_con_se.jpg\",\"width\":1500,\"height\":1001},{\"@type\":\"BreadcrumbList\",\"@id\":\"https:\\\/\\\/jaleomadrid.com\\\/cinco-verbos-que-cambian-de-significado-cuando-tienen-se\\\/#breadcrumb\",\"itemListElement\":[{\"@type\":\"ListItem\",\"position\":1,\"name\":\"Home\",\"item\":\"https:\\\/\\\/jaleomadrid.com\\\/\"},{\"@type\":\"ListItem\",\"position\":2,\"name\":\"exam\",\"item\":\"https:\\\/\\\/jaleomadrid.com\\\/tag\\\/exam\\\/\"},{\"@type\":\"ListItem\",\"position\":3,\"name\":\"Cinco verbos que cambian de significado cuando tienen &#8220;se&#8221;\"}]},{\"@type\":\"WebSite\",\"@id\":\"https:\\\/\\\/jaleomadrid.com\\\/#website\",\"url\":\"https:\\\/\\\/jaleomadrid.com\\\/\",\"name\":\"Jaleo Madrid Spanish School\",\"description\":\"A Spanish School Founded by Spanish Teachers\",\"publisher\":{\"@id\":\"https:\\\/\\\/jaleomadrid.com\\\/#organization\"},\"potentialAction\":[{\"@type\":\"SearchAction\",\"target\":{\"@type\":\"EntryPoint\",\"urlTemplate\":\"https:\\\/\\\/jaleomadrid.com\\\/?s={search_term_string}\"},\"query-input\":{\"@type\":\"PropertyValueSpecification\",\"valueRequired\":true,\"valueName\":\"search_term_string\"}}],\"inLanguage\":\"de\"},{\"@type\":\"Organization\",\"@id\":\"https:\\\/\\\/jaleomadrid.com\\\/#organization\",\"name\":\"Jaleo Madrid Spanish School\",\"url\":\"https:\\\/\\\/jaleomadrid.com\\\/\",\"logo\":{\"@type\":\"ImageObject\",\"inLanguage\":\"de\",\"@id\":\"https:\\\/\\\/jaleomadrid.com\\\/#\\\/schema\\\/logo\\\/image\\\/\",\"url\":\"https:\\\/\\\/jaleomadrid.com\\\/wp-content\\\/uploads\\\/2023\\\/03\\\/logotipo-jaleo-madrid-spanish-school-square.jpg\",\"contentUrl\":\"https:\\\/\\\/jaleomadrid.com\\\/wp-content\\\/uploads\\\/2023\\\/03\\\/logotipo-jaleo-madrid-spanish-school-square.jpg\",\"width\":1000,\"height\":1000,\"caption\":\"Jaleo Madrid Spanish School\"},\"image\":{\"@id\":\"https:\\\/\\\/jaleomadrid.com\\\/#\\\/schema\\\/logo\\\/image\\\/\"},\"sameAs\":[\"https:\\\/\\\/www.facebook.com\\\/JaleoMad\",\"https:\\\/\\\/x.com\\\/Jaleo_Madrid\",\"https:\\\/\\\/www.instagram.com\\\/jaleo_madrid\\\/\",\"https:\\\/\\\/www.youtube.com\\\/channel\\\/UC7eSC6efjfRPuuawyJv-1mA\"]},{\"@type\":\"Person\",\"@id\":\"https:\\\/\\\/jaleomadrid.com\\\/#\\\/schema\\\/person\\\/1aa4d134d7bd041edbadc70edafbadee\",\"name\":\"JaleoMadrid\",\"image\":{\"@type\":\"ImageObject\",\"inLanguage\":\"de\",\"@id\":\"https:\\\/\\\/secure.gravatar.com\\\/avatar\\\/058d5402d57882d5d77fc87b4ad4198b4c2366f88bf1fb134bec6a6c887ac70f?s=96&d=mm&r=g\",\"url\":\"https:\\\/\\\/secure.gravatar.com\\\/avatar\\\/058d5402d57882d5d77fc87b4ad4198b4c2366f88bf1fb134bec6a6c887ac70f?s=96&d=mm&r=g\",\"contentUrl\":\"https:\\\/\\\/secure.gravatar.com\\\/avatar\\\/058d5402d57882d5d77fc87b4ad4198b4c2366f88bf1fb134bec6a6c887ac70f?s=96&d=mm&r=g\",\"caption\":\"JaleoMadrid\"},\"url\":\"https:\\\/\\\/jaleomadrid.com\\\/de\\\/author\\\/jaleomadrid\\\/\"}]}<\/script>\n<!-- \/ Yoast SEO plugin. -->","yoast_head_json":{"title":"Cinco verbos que cambian de significado cuando tienen \"se\"","description":"Uno de los momentos m\u00e1s dram\u00e1ticos con el que nos encontramos en las clases de espa\u00f1ol es cuando tenemos que explicar algunos de los usos del \"se\".","robots":{"index":"index","follow":"follow","max-snippet":"max-snippet:-1","max-image-preview":"max-image-preview:large","max-video-preview":"max-video-preview:-1"},"canonical":"https:\/\/jaleomadrid.com\/de\/cinco-verbos-que-cambian-de-significado-cuando-tienen-se\/","og_locale":"de_DE","og_type":"article","og_title":"Cinco verbos que cambian de significado cuando tienen \"se\"","og_description":"Uno de los momentos m\u00e1s dram\u00e1ticos con el que nos encontramos en las clases de espa\u00f1ol es cuando tenemos que explicar algunos de los usos del \"se\".","og_url":"https:\/\/jaleomadrid.com\/de\/cinco-verbos-que-cambian-de-significado-cuando-tienen-se\/","og_site_name":"Jaleo Madrid Spanish School","article_publisher":"https:\/\/www.facebook.com\/JaleoMad","article_published_time":"2021-02-03T11:48:53+00:00","article_modified_time":"2023-03-11T22:10:46+00:00","og_image":[{"width":1920,"height":1281,"url":"https:\/\/jaleomadrid.com\/wp-content\/uploads\/2023\/03\/verbos_con_se.jpg","type":"image\/jpeg"}],"author":"JaleoMadrid","twitter_card":"summary_large_image","twitter_creator":"@Jaleo_Madrid","twitter_site":"@Jaleo_Madrid","twitter_misc":{"Verfasst von":"JaleoMadrid","Gesch\u00e4tzte Lesezeit":"2\u00a0Minuten"},"schema":{"@context":"https:\/\/schema.org","@graph":[{"@type":["Article","BlogPosting"],"@id":"https:\/\/jaleomadrid.com\/cinco-verbos-que-cambian-de-significado-cuando-tienen-se\/#article","isPartOf":{"@id":"https:\/\/jaleomadrid.com\/cinco-verbos-que-cambian-de-significado-cuando-tienen-se\/"},"author":{"name":"JaleoMadrid","@id":"https:\/\/jaleomadrid.com\/#\/schema\/person\/1aa4d134d7bd041edbadc70edafbadee"},"headline":"Cinco verbos que cambian de significado cuando tienen &#8220;se&#8221;","datePublished":"2021-02-03T11:48:53+00:00","dateModified":"2023-03-11T22:10:46+00:00","mainEntityOfPage":{"@id":"https:\/\/jaleomadrid.com\/cinco-verbos-que-cambian-de-significado-cuando-tienen-se\/"},"wordCount":392,"publisher":{"@id":"https:\/\/jaleomadrid.com\/#organization"},"image":{"@id":"https:\/\/jaleomadrid.com\/cinco-verbos-que-cambian-de-significado-cuando-tienen-se\/#primaryimage"},"thumbnailUrl":"https:\/\/jaleomadrid.com\/wp-content\/uploads\/2023\/03\/verbos_con_se.jpg","keywords":["se","verbos"],"articleSection":["Lost in Translation"],"inLanguage":"de"},{"@type":["WebPage","ItemPage"],"@id":"https:\/\/jaleomadrid.com\/cinco-verbos-que-cambian-de-significado-cuando-tienen-se\/","url":"https:\/\/jaleomadrid.com\/cinco-verbos-que-cambian-de-significado-cuando-tienen-se\/","name":"Cinco verbos que cambian de significado cuando tienen \"se\"","isPartOf":{"@id":"https:\/\/jaleomadrid.com\/#website"},"primaryImageOfPage":{"@id":"https:\/\/jaleomadrid.com\/cinco-verbos-que-cambian-de-significado-cuando-tienen-se\/#primaryimage"},"image":{"@id":"https:\/\/jaleomadrid.com\/cinco-verbos-que-cambian-de-significado-cuando-tienen-se\/#primaryimage"},"thumbnailUrl":"https:\/\/jaleomadrid.com\/wp-content\/uploads\/2023\/03\/verbos_con_se.jpg","datePublished":"2021-02-03T11:48:53+00:00","dateModified":"2023-03-11T22:10:46+00:00","description":"Uno de los momentos m\u00e1s dram\u00e1ticos con el que nos encontramos en las clases de espa\u00f1ol es cuando tenemos que explicar algunos de los usos del \"se\".","breadcrumb":{"@id":"https:\/\/jaleomadrid.com\/cinco-verbos-que-cambian-de-significado-cuando-tienen-se\/#breadcrumb"},"inLanguage":"de","potentialAction":[{"@type":"ReadAction","target":["https:\/\/jaleomadrid.com\/cinco-verbos-que-cambian-de-significado-cuando-tienen-se\/"]}]},{"@type":"ImageObject","inLanguage":"de","@id":"https:\/\/jaleomadrid.com\/cinco-verbos-que-cambian-de-significado-cuando-tienen-se\/#primaryimage","url":"https:\/\/jaleomadrid.com\/wp-content\/uploads\/2023\/03\/verbos_con_se.jpg","contentUrl":"https:\/\/jaleomadrid.com\/wp-content\/uploads\/2023\/03\/verbos_con_se.jpg","width":1500,"height":1001},{"@type":"BreadcrumbList","@id":"https:\/\/jaleomadrid.com\/cinco-verbos-que-cambian-de-significado-cuando-tienen-se\/#breadcrumb","itemListElement":[{"@type":"ListItem","position":1,"name":"Home","item":"https:\/\/jaleomadrid.com\/"},{"@type":"ListItem","position":2,"name":"exam","item":"https:\/\/jaleomadrid.com\/tag\/exam\/"},{"@type":"ListItem","position":3,"name":"Cinco verbos que cambian de significado cuando tienen &#8220;se&#8221;"}]},{"@type":"WebSite","@id":"https:\/\/jaleomadrid.com\/#website","url":"https:\/\/jaleomadrid.com\/","name":"Jaleo Madrid Spanisch Schule","description":"Eine von Spanischlehrern gegr\u00fcndete Spanischschule","publisher":{"@id":"https:\/\/jaleomadrid.com\/#organization"},"potentialAction":[{"@type":"SearchAction","target":{"@type":"EntryPoint","urlTemplate":"https:\/\/jaleomadrid.com\/?s={search_term_string}"},"query-input":{"@type":"PropertyValueSpecification","valueRequired":true,"valueName":"search_term_string"}}],"inLanguage":"de"},{"@type":"Organization","@id":"https:\/\/jaleomadrid.com\/#organization","name":"Jaleo Madrid Spanisch Schule","url":"https:\/\/jaleomadrid.com\/","logo":{"@type":"ImageObject","inLanguage":"de","@id":"https:\/\/jaleomadrid.com\/#\/schema\/logo\/image\/","url":"https:\/\/jaleomadrid.com\/wp-content\/uploads\/2023\/03\/logotipo-jaleo-madrid-spanish-school-square.jpg","contentUrl":"https:\/\/jaleomadrid.com\/wp-content\/uploads\/2023\/03\/logotipo-jaleo-madrid-spanish-school-square.jpg","width":1000,"height":1000,"caption":"Jaleo Madrid Spanish School"},"image":{"@id":"https:\/\/jaleomadrid.com\/#\/schema\/logo\/image\/"},"sameAs":["https:\/\/www.facebook.com\/JaleoMad","https:\/\/x.com\/Jaleo_Madrid","https:\/\/www.instagram.com\/jaleo_madrid\/","https:\/\/www.youtube.com\/channel\/UC7eSC6efjfRPuuawyJv-1mA"]},{"@type":"Person","@id":"https:\/\/jaleomadrid.com\/#\/schema\/person\/1aa4d134d7bd041edbadc70edafbadee","name":"JaleoMadrid","image":{"@type":"ImageObject","inLanguage":"de","@id":"https:\/\/secure.gravatar.com\/avatar\/058d5402d57882d5d77fc87b4ad4198b4c2366f88bf1fb134bec6a6c887ac70f?s=96&d=mm&r=g","url":"https:\/\/secure.gravatar.com\/avatar\/058d5402d57882d5d77fc87b4ad4198b4c2366f88bf1fb134bec6a6c887ac70f?s=96&d=mm&r=g","contentUrl":"https:\/\/secure.gravatar.com\/avatar\/058d5402d57882d5d77fc87b4ad4198b4c2366f88bf1fb134bec6a6c887ac70f?s=96&d=mm&r=g","caption":"JaleoMadrid"},"url":"https:\/\/jaleomadrid.com\/de\/author\/jaleomadrid\/"}]}},"_links":{"self":[{"href":"https:\/\/jaleomadrid.com\/de\/wp-json\/wp\/v2\/posts\/1894","targetHints":{"allow":["GET"]}}],"collection":[{"href":"https:\/\/jaleomadrid.com\/de\/wp-json\/wp\/v2\/posts"}],"about":[{"href":"https:\/\/jaleomadrid.com\/de\/wp-json\/wp\/v2\/types\/post"}],"author":[{"embeddable":true,"href":"https:\/\/jaleomadrid.com\/de\/wp-json\/wp\/v2\/users\/2"}],"replies":[{"embeddable":true,"href":"https:\/\/jaleomadrid.com\/de\/wp-json\/wp\/v2\/comments?post=1894"}],"version-history":[{"count":0,"href":"https:\/\/jaleomadrid.com\/de\/wp-json\/wp\/v2\/posts\/1894\/revisions"}],"wp:featuredmedia":[{"embeddable":true,"href":"https:\/\/jaleomadrid.com\/de\/wp-json\/wp\/v2\/media\/3053"}],"wp:attachment":[{"href":"https:\/\/jaleomadrid.com\/de\/wp-json\/wp\/v2\/media?parent=1894"}],"wp:term":[{"taxonomy":"category","embeddable":true,"href":"https:\/\/jaleomadrid.com\/de\/wp-json\/wp\/v2\/categories?post=1894"},{"taxonomy":"post_tag","embeddable":true,"href":"https:\/\/jaleomadrid.com\/de\/wp-json\/wp\/v2\/tags?post=1894"}],"curies":[{"name":"wp","href":"https:\/\/api.w.org\/{rel}","templated":true}]}}