{"id":2561,"date":"2021-10-27T16:18:10","date_gmt":"2021-10-27T15:18:10","guid":{"rendered":"https:\/\/antiguo.jaleomadrid.com\/?p=2561"},"modified":"2023-03-11T23:10:38","modified_gmt":"2023-03-11T22:10:38","slug":"halloween-ya-esta-aqui-y-aprendemos-a-decir-que-tenemos-miedo","status":"publish","type":"post","link":"https:\/\/jaleomadrid.com\/de\/halloween-ya-esta-aqui-y-aprendemos-a-decir-que-tenemos-miedo\/","title":{"rendered":"Halloween ya est\u00e1 aqu\u00ed y aprendemos a decir que tenemos miedo"},"content":{"rendered":"<p>Auch wenn Halloween kein typisch spanisches Fest ist, so ist es doch jedes Jahr beliebter, von diesem Fest zu h\u00f6ren, und die Feste zu diesem Thema werden immer beliebter. La principal motivaci\u00f3n de esta fecha es el miedo. \u00bfPero sabes la diferencia entre las expresiones que usan esta sensaci\u00f3n? Te ayudamos en nuestro post de hoy.<\/p>\n<ul>\n<li><strong>Tener miedo \/ Tener miedo de:<\/strong> Usamos el verbo \"tener\" cuando queremos hablar de que nosotros somos los afectados por el miedo. Por ejemplo: <em>Es ist normal, dass Sie sich davor f\u00fcrchten, die Nacht in einem zerst\u00f6rten Haus zu verbringen.<\/em>. Esta expresi\u00f3n siempre va con la preposici\u00f3n \"de\" y a veces la podemos sustituir por estar asustado.<\/li>\n<li><strong>Me da miedo \/ Da miedo:<\/strong> Usamos el verbo \"dar\" para hablar de lo que nos produce miedo. Si hablamos en general no hace falta que usemos palabras como \"me\" o \"te\". Por ejemplo: <em>Esa pel\u00edcula da miedo (a todo el mundo). \/\/ Me dan miedo los fantasmas<\/em>.<\/li>\n<li><strong>Meter miedo:<\/strong> Esta expresi\u00f3n es muy similar a dar miedo ya que el protagonista es lo que nos produce miedo. Por ejemplo: <em>Ese profesor siempre nos mete miedo con el DELE. Dice que es un examen muy dif\u00edcil<\/em>.<\/li>\n<\/ul>\n<p>En Jaleo Madrid no damos miedo y por eso estamos dispuesto a recibirte en nuestras clases. <strong>Si quieres conocernos, <\/strong><a href=\"https:\/\/antiguo.jaleomadrid.com\/contact\/\"><strong>Nutzen Sie die 30 kostenlosen Minuten, die wir Ihnen zur Verf\u00fcgung stellen.<\/strong><\/a><strong>.<\/strong> Sin ning\u00fan compromiso, no tengas miedo.<\/p>\n<p>Bevor Sie in den Unterricht kommen, k\u00f6nnen Sie sich mit diesem kleinen Test vergewissern.<\/p>\n<div class=\"h5p-iframe-wrapper\"><iframe id=\"h5p-iframe-1\" class=\"h5p-iframe\" data-content-id=\"1\" style=\"height:1px\" src=\"about:blank\" frameborder=\"0\" scrolling=\"no\" title=\"Test de miedo\"><\/iframe><\/div>","protected":false},"excerpt":{"rendered":"<p>Aunque Halloween no es una festividad t\u00edpicamente hispana, cada a\u00f1o es m\u00e1s com\u00fan o\u00edr hablar de ella y las fiestas sobre este tema cada vez son m\u00e1s populares. La principal motivaci\u00f3n de esta fecha es el miedo. \u00bfPero sabes la diferencia entre las expresiones que usan esta sensaci\u00f3n? Te ayudamos en nuestro post de hoy. [&hellip;]<\/p>\n","protected":false},"author":2,"featured_media":3072,"comment_status":"closed","ping_status":"open","sticky":false,"template":"","format":"standard","meta":{"inline_featured_image":false,"footnotes":""},"categories":[101],"tags":[142,224,184],"class_list":["post-2561","post","type-post","status-publish","format-standard","has-post-thumbnail","hentry","category-lost-in-translation","tag-expresiones","tag-miedo","tag-verbos"],"yoast_head":"<!-- This site is optimized with the Yoast SEO plugin v27.5 - https:\/\/yoast.com\/product\/yoast-seo-wordpress\/ -->\n<title>Halloween ya est\u00e1 aqu\u00ed y aprendemos a decir que tenemos miedo<\/title>\n<meta name=\"description\" content=\"La principal motivaci\u00f3n de esta fecha es el miedo. \u00bfPero sabes la diferencia entre las expresiones que usan esta sensaci\u00f3n en espa\u00f1ol?\" \/>\n<meta name=\"robots\" content=\"index, follow, max-snippet:-1, max-image-preview:large, max-video-preview:-1\" \/>\n<link rel=\"canonical\" href=\"https:\/\/jaleomadrid.com\/de\/halloween-ya-esta-aqui-y-aprendemos-a-decir-que-tenemos-miedo\/\" \/>\n<meta property=\"og:locale\" content=\"de_DE\" \/>\n<meta property=\"og:type\" content=\"article\" \/>\n<meta property=\"og:title\" content=\"Halloween ya est\u00e1 aqu\u00ed y aprendemos a decir que tenemos miedo\" \/>\n<meta property=\"og:description\" content=\"La principal motivaci\u00f3n de esta fecha es el miedo. \u00bfPero sabes la diferencia entre las expresiones que usan esta sensaci\u00f3n en espa\u00f1ol?\" \/>\n<meta property=\"og:url\" content=\"https:\/\/jaleomadrid.com\/de\/halloween-ya-esta-aqui-y-aprendemos-a-decir-que-tenemos-miedo\/\" \/>\n<meta property=\"og:site_name\" content=\"Jaleo Madrid Spanish School\" \/>\n<meta property=\"article:publisher\" content=\"https:\/\/www.facebook.com\/JaleoMad\" \/>\n<meta property=\"article:published_time\" content=\"2021-10-27T15:18:10+00:00\" \/>\n<meta property=\"article:modified_time\" content=\"2023-03-11T22:10:38+00:00\" \/>\n<meta property=\"og:image\" content=\"https:\/\/jaleomadrid.com\/wp-content\/uploads\/2023\/03\/halloween-gd671cf08c_1920.jpg\" \/>\n\t<meta property=\"og:image:width\" content=\"1920\" \/>\n\t<meta property=\"og:image:height\" content=\"1280\" \/>\n\t<meta property=\"og:image:type\" content=\"image\/jpeg\" \/>\n<meta name=\"author\" content=\"JaleoMadrid\" \/>\n<meta name=\"twitter:card\" content=\"summary_large_image\" \/>\n<meta name=\"twitter:creator\" content=\"@Jaleo_Madrid\" \/>\n<meta name=\"twitter:site\" content=\"@Jaleo_Madrid\" \/>\n<meta name=\"twitter:label1\" content=\"Verfasst von\" \/>\n\t<meta name=\"twitter:data1\" content=\"JaleoMadrid\" \/>\n\t<meta name=\"twitter:label2\" content=\"Gesch\u00e4tzte Lesezeit\" \/>\n\t<meta name=\"twitter:data2\" content=\"1\u00a0Minute\" \/>\n<script type=\"application\/ld+json\" class=\"yoast-schema-graph\">{\"@context\":\"https:\\\/\\\/schema.org\",\"@graph\":[{\"@type\":[\"Article\",\"BlogPosting\"],\"@id\":\"https:\\\/\\\/jaleomadrid.com\\\/halloween-ya-esta-aqui-y-aprendemos-a-decir-que-tenemos-miedo\\\/#article\",\"isPartOf\":{\"@id\":\"https:\\\/\\\/jaleomadrid.com\\\/halloween-ya-esta-aqui-y-aprendemos-a-decir-que-tenemos-miedo\\\/\"},\"author\":{\"name\":\"JaleoMadrid\",\"@id\":\"https:\\\/\\\/jaleomadrid.com\\\/#\\\/schema\\\/person\\\/1aa4d134d7bd041edbadc70edafbadee\"},\"headline\":\"Halloween ya est\u00e1 aqu\u00ed y aprendemos a decir que tenemos miedo\",\"datePublished\":\"2021-10-27T15:18:10+00:00\",\"dateModified\":\"2023-03-11T22:10:38+00:00\",\"mainEntityOfPage\":{\"@id\":\"https:\\\/\\\/jaleomadrid.com\\\/halloween-ya-esta-aqui-y-aprendemos-a-decir-que-tenemos-miedo\\\/\"},\"wordCount\":266,\"publisher\":{\"@id\":\"https:\\\/\\\/jaleomadrid.com\\\/#organization\"},\"image\":{\"@id\":\"https:\\\/\\\/jaleomadrid.com\\\/halloween-ya-esta-aqui-y-aprendemos-a-decir-que-tenemos-miedo\\\/#primaryimage\"},\"thumbnailUrl\":\"https:\\\/\\\/jaleomadrid.com\\\/wp-content\\\/uploads\\\/2023\\\/03\\\/halloween-gd671cf08c_1920.jpg\",\"keywords\":[\"expresiones\",\"Miedo\",\"verbos\"],\"articleSection\":[\"Lost in Translation\"],\"inLanguage\":\"de\"},{\"@type\":[\"WebPage\",\"ItemPage\"],\"@id\":\"https:\\\/\\\/jaleomadrid.com\\\/halloween-ya-esta-aqui-y-aprendemos-a-decir-que-tenemos-miedo\\\/\",\"url\":\"https:\\\/\\\/jaleomadrid.com\\\/halloween-ya-esta-aqui-y-aprendemos-a-decir-que-tenemos-miedo\\\/\",\"name\":\"Halloween ya est\u00e1 aqu\u00ed y aprendemos a decir que tenemos miedo\",\"isPartOf\":{\"@id\":\"https:\\\/\\\/jaleomadrid.com\\\/#website\"},\"primaryImageOfPage\":{\"@id\":\"https:\\\/\\\/jaleomadrid.com\\\/halloween-ya-esta-aqui-y-aprendemos-a-decir-que-tenemos-miedo\\\/#primaryimage\"},\"image\":{\"@id\":\"https:\\\/\\\/jaleomadrid.com\\\/halloween-ya-esta-aqui-y-aprendemos-a-decir-que-tenemos-miedo\\\/#primaryimage\"},\"thumbnailUrl\":\"https:\\\/\\\/jaleomadrid.com\\\/wp-content\\\/uploads\\\/2023\\\/03\\\/halloween-gd671cf08c_1920.jpg\",\"datePublished\":\"2021-10-27T15:18:10+00:00\",\"dateModified\":\"2023-03-11T22:10:38+00:00\",\"description\":\"La principal motivaci\u00f3n de esta fecha es el miedo. \u00bfPero sabes la diferencia entre las expresiones que usan esta sensaci\u00f3n en espa\u00f1ol?\",\"breadcrumb\":{\"@id\":\"https:\\\/\\\/jaleomadrid.com\\\/halloween-ya-esta-aqui-y-aprendemos-a-decir-que-tenemos-miedo\\\/#breadcrumb\"},\"inLanguage\":\"de\",\"potentialAction\":[{\"@type\":\"ReadAction\",\"target\":[\"https:\\\/\\\/jaleomadrid.com\\\/halloween-ya-esta-aqui-y-aprendemos-a-decir-que-tenemos-miedo\\\/\"]}]},{\"@type\":\"ImageObject\",\"inLanguage\":\"de\",\"@id\":\"https:\\\/\\\/jaleomadrid.com\\\/halloween-ya-esta-aqui-y-aprendemos-a-decir-que-tenemos-miedo\\\/#primaryimage\",\"url\":\"https:\\\/\\\/jaleomadrid.com\\\/wp-content\\\/uploads\\\/2023\\\/03\\\/halloween-gd671cf08c_1920.jpg\",\"contentUrl\":\"https:\\\/\\\/jaleomadrid.com\\\/wp-content\\\/uploads\\\/2023\\\/03\\\/halloween-gd671cf08c_1920.jpg\",\"width\":1500,\"height\":1000},{\"@type\":\"BreadcrumbList\",\"@id\":\"https:\\\/\\\/jaleomadrid.com\\\/halloween-ya-esta-aqui-y-aprendemos-a-decir-que-tenemos-miedo\\\/#breadcrumb\",\"itemListElement\":[{\"@type\":\"ListItem\",\"position\":1,\"name\":\"Home\",\"item\":\"https:\\\/\\\/jaleomadrid.com\\\/\"},{\"@type\":\"ListItem\",\"position\":2,\"name\":\"exam\",\"item\":\"https:\\\/\\\/jaleomadrid.com\\\/tag\\\/exam\\\/\"},{\"@type\":\"ListItem\",\"position\":3,\"name\":\"Halloween ya est\u00e1 aqu\u00ed y aprendemos a decir que tenemos miedo\"}]},{\"@type\":\"WebSite\",\"@id\":\"https:\\\/\\\/jaleomadrid.com\\\/#website\",\"url\":\"https:\\\/\\\/jaleomadrid.com\\\/\",\"name\":\"Jaleo Madrid Spanish School\",\"description\":\"A Spanish School Founded by Spanish Teachers\",\"publisher\":{\"@id\":\"https:\\\/\\\/jaleomadrid.com\\\/#organization\"},\"potentialAction\":[{\"@type\":\"SearchAction\",\"target\":{\"@type\":\"EntryPoint\",\"urlTemplate\":\"https:\\\/\\\/jaleomadrid.com\\\/?s={search_term_string}\"},\"query-input\":{\"@type\":\"PropertyValueSpecification\",\"valueRequired\":true,\"valueName\":\"search_term_string\"}}],\"inLanguage\":\"de\"},{\"@type\":\"Organization\",\"@id\":\"https:\\\/\\\/jaleomadrid.com\\\/#organization\",\"name\":\"Jaleo Madrid Spanish School\",\"url\":\"https:\\\/\\\/jaleomadrid.com\\\/\",\"logo\":{\"@type\":\"ImageObject\",\"inLanguage\":\"de\",\"@id\":\"https:\\\/\\\/jaleomadrid.com\\\/#\\\/schema\\\/logo\\\/image\\\/\",\"url\":\"https:\\\/\\\/jaleomadrid.com\\\/wp-content\\\/uploads\\\/2023\\\/03\\\/logotipo-jaleo-madrid-spanish-school-square.jpg\",\"contentUrl\":\"https:\\\/\\\/jaleomadrid.com\\\/wp-content\\\/uploads\\\/2023\\\/03\\\/logotipo-jaleo-madrid-spanish-school-square.jpg\",\"width\":1000,\"height\":1000,\"caption\":\"Jaleo Madrid Spanish School\"},\"image\":{\"@id\":\"https:\\\/\\\/jaleomadrid.com\\\/#\\\/schema\\\/logo\\\/image\\\/\"},\"sameAs\":[\"https:\\\/\\\/www.facebook.com\\\/JaleoMad\",\"https:\\\/\\\/x.com\\\/Jaleo_Madrid\",\"https:\\\/\\\/www.instagram.com\\\/jaleo_madrid\\\/\",\"https:\\\/\\\/www.youtube.com\\\/channel\\\/UC7eSC6efjfRPuuawyJv-1mA\"]},{\"@type\":\"Person\",\"@id\":\"https:\\\/\\\/jaleomadrid.com\\\/#\\\/schema\\\/person\\\/1aa4d134d7bd041edbadc70edafbadee\",\"name\":\"JaleoMadrid\",\"image\":{\"@type\":\"ImageObject\",\"inLanguage\":\"de\",\"@id\":\"https:\\\/\\\/secure.gravatar.com\\\/avatar\\\/058d5402d57882d5d77fc87b4ad4198b4c2366f88bf1fb134bec6a6c887ac70f?s=96&d=mm&r=g\",\"url\":\"https:\\\/\\\/secure.gravatar.com\\\/avatar\\\/058d5402d57882d5d77fc87b4ad4198b4c2366f88bf1fb134bec6a6c887ac70f?s=96&d=mm&r=g\",\"contentUrl\":\"https:\\\/\\\/secure.gravatar.com\\\/avatar\\\/058d5402d57882d5d77fc87b4ad4198b4c2366f88bf1fb134bec6a6c887ac70f?s=96&d=mm&r=g\",\"caption\":\"JaleoMadrid\"},\"url\":\"https:\\\/\\\/jaleomadrid.com\\\/de\\\/author\\\/jaleomadrid\\\/\"}]}<\/script>\n<!-- \/ Yoast SEO plugin. -->","yoast_head_json":{"title":"Halloween ya est\u00e1 aqu\u00ed y aprendemos a decir que tenemos miedo","description":"La principal motivaci\u00f3n de esta fecha es el miedo. \u00bfPero sabes la diferencia entre las expresiones que usan esta sensaci\u00f3n en espa\u00f1ol?","robots":{"index":"index","follow":"follow","max-snippet":"max-snippet:-1","max-image-preview":"max-image-preview:large","max-video-preview":"max-video-preview:-1"},"canonical":"https:\/\/jaleomadrid.com\/de\/halloween-ya-esta-aqui-y-aprendemos-a-decir-que-tenemos-miedo\/","og_locale":"de_DE","og_type":"article","og_title":"Halloween ya est\u00e1 aqu\u00ed y aprendemos a decir que tenemos miedo","og_description":"La principal motivaci\u00f3n de esta fecha es el miedo. \u00bfPero sabes la diferencia entre las expresiones que usan esta sensaci\u00f3n en espa\u00f1ol?","og_url":"https:\/\/jaleomadrid.com\/de\/halloween-ya-esta-aqui-y-aprendemos-a-decir-que-tenemos-miedo\/","og_site_name":"Jaleo Madrid Spanish School","article_publisher":"https:\/\/www.facebook.com\/JaleoMad","article_published_time":"2021-10-27T15:18:10+00:00","article_modified_time":"2023-03-11T22:10:38+00:00","og_image":[{"width":1920,"height":1280,"url":"https:\/\/jaleomadrid.com\/wp-content\/uploads\/2023\/03\/halloween-gd671cf08c_1920.jpg","type":"image\/jpeg"}],"author":"JaleoMadrid","twitter_card":"summary_large_image","twitter_creator":"@Jaleo_Madrid","twitter_site":"@Jaleo_Madrid","twitter_misc":{"Verfasst von":"JaleoMadrid","Gesch\u00e4tzte Lesezeit":"1\u00a0Minute"},"schema":{"@context":"https:\/\/schema.org","@graph":[{"@type":["Article","BlogPosting"],"@id":"https:\/\/jaleomadrid.com\/halloween-ya-esta-aqui-y-aprendemos-a-decir-que-tenemos-miedo\/#article","isPartOf":{"@id":"https:\/\/jaleomadrid.com\/halloween-ya-esta-aqui-y-aprendemos-a-decir-que-tenemos-miedo\/"},"author":{"name":"JaleoMadrid","@id":"https:\/\/jaleomadrid.com\/#\/schema\/person\/1aa4d134d7bd041edbadc70edafbadee"},"headline":"Halloween ya est\u00e1 aqu\u00ed y aprendemos a decir que tenemos miedo","datePublished":"2021-10-27T15:18:10+00:00","dateModified":"2023-03-11T22:10:38+00:00","mainEntityOfPage":{"@id":"https:\/\/jaleomadrid.com\/halloween-ya-esta-aqui-y-aprendemos-a-decir-que-tenemos-miedo\/"},"wordCount":266,"publisher":{"@id":"https:\/\/jaleomadrid.com\/#organization"},"image":{"@id":"https:\/\/jaleomadrid.com\/halloween-ya-esta-aqui-y-aprendemos-a-decir-que-tenemos-miedo\/#primaryimage"},"thumbnailUrl":"https:\/\/jaleomadrid.com\/wp-content\/uploads\/2023\/03\/halloween-gd671cf08c_1920.jpg","keywords":["expresiones","Miedo","verbos"],"articleSection":["Lost in Translation"],"inLanguage":"de"},{"@type":["WebPage","ItemPage"],"@id":"https:\/\/jaleomadrid.com\/halloween-ya-esta-aqui-y-aprendemos-a-decir-que-tenemos-miedo\/","url":"https:\/\/jaleomadrid.com\/halloween-ya-esta-aqui-y-aprendemos-a-decir-que-tenemos-miedo\/","name":"Halloween ya est\u00e1 aqu\u00ed y aprendemos a decir que tenemos miedo","isPartOf":{"@id":"https:\/\/jaleomadrid.com\/#website"},"primaryImageOfPage":{"@id":"https:\/\/jaleomadrid.com\/halloween-ya-esta-aqui-y-aprendemos-a-decir-que-tenemos-miedo\/#primaryimage"},"image":{"@id":"https:\/\/jaleomadrid.com\/halloween-ya-esta-aqui-y-aprendemos-a-decir-que-tenemos-miedo\/#primaryimage"},"thumbnailUrl":"https:\/\/jaleomadrid.com\/wp-content\/uploads\/2023\/03\/halloween-gd671cf08c_1920.jpg","datePublished":"2021-10-27T15:18:10+00:00","dateModified":"2023-03-11T22:10:38+00:00","description":"La principal motivaci\u00f3n de esta fecha es el miedo. \u00bfPero sabes la diferencia entre las expresiones que usan esta sensaci\u00f3n en espa\u00f1ol?","breadcrumb":{"@id":"https:\/\/jaleomadrid.com\/halloween-ya-esta-aqui-y-aprendemos-a-decir-que-tenemos-miedo\/#breadcrumb"},"inLanguage":"de","potentialAction":[{"@type":"ReadAction","target":["https:\/\/jaleomadrid.com\/halloween-ya-esta-aqui-y-aprendemos-a-decir-que-tenemos-miedo\/"]}]},{"@type":"ImageObject","inLanguage":"de","@id":"https:\/\/jaleomadrid.com\/halloween-ya-esta-aqui-y-aprendemos-a-decir-que-tenemos-miedo\/#primaryimage","url":"https:\/\/jaleomadrid.com\/wp-content\/uploads\/2023\/03\/halloween-gd671cf08c_1920.jpg","contentUrl":"https:\/\/jaleomadrid.com\/wp-content\/uploads\/2023\/03\/halloween-gd671cf08c_1920.jpg","width":1500,"height":1000},{"@type":"BreadcrumbList","@id":"https:\/\/jaleomadrid.com\/halloween-ya-esta-aqui-y-aprendemos-a-decir-que-tenemos-miedo\/#breadcrumb","itemListElement":[{"@type":"ListItem","position":1,"name":"Home","item":"https:\/\/jaleomadrid.com\/"},{"@type":"ListItem","position":2,"name":"exam","item":"https:\/\/jaleomadrid.com\/tag\/exam\/"},{"@type":"ListItem","position":3,"name":"Halloween ya est\u00e1 aqu\u00ed y aprendemos a decir que tenemos miedo"}]},{"@type":"WebSite","@id":"https:\/\/jaleomadrid.com\/#website","url":"https:\/\/jaleomadrid.com\/","name":"Jaleo Madrid Spanisch Schule","description":"Eine von Spanischlehrern gegr\u00fcndete Spanischschule","publisher":{"@id":"https:\/\/jaleomadrid.com\/#organization"},"potentialAction":[{"@type":"SearchAction","target":{"@type":"EntryPoint","urlTemplate":"https:\/\/jaleomadrid.com\/?s={search_term_string}"},"query-input":{"@type":"PropertyValueSpecification","valueRequired":true,"valueName":"search_term_string"}}],"inLanguage":"de"},{"@type":"Organization","@id":"https:\/\/jaleomadrid.com\/#organization","name":"Jaleo Madrid Spanisch Schule","url":"https:\/\/jaleomadrid.com\/","logo":{"@type":"ImageObject","inLanguage":"de","@id":"https:\/\/jaleomadrid.com\/#\/schema\/logo\/image\/","url":"https:\/\/jaleomadrid.com\/wp-content\/uploads\/2023\/03\/logotipo-jaleo-madrid-spanish-school-square.jpg","contentUrl":"https:\/\/jaleomadrid.com\/wp-content\/uploads\/2023\/03\/logotipo-jaleo-madrid-spanish-school-square.jpg","width":1000,"height":1000,"caption":"Jaleo Madrid Spanish School"},"image":{"@id":"https:\/\/jaleomadrid.com\/#\/schema\/logo\/image\/"},"sameAs":["https:\/\/www.facebook.com\/JaleoMad","https:\/\/x.com\/Jaleo_Madrid","https:\/\/www.instagram.com\/jaleo_madrid\/","https:\/\/www.youtube.com\/channel\/UC7eSC6efjfRPuuawyJv-1mA"]},{"@type":"Person","@id":"https:\/\/jaleomadrid.com\/#\/schema\/person\/1aa4d134d7bd041edbadc70edafbadee","name":"JaleoMadrid","image":{"@type":"ImageObject","inLanguage":"de","@id":"https:\/\/secure.gravatar.com\/avatar\/058d5402d57882d5d77fc87b4ad4198b4c2366f88bf1fb134bec6a6c887ac70f?s=96&d=mm&r=g","url":"https:\/\/secure.gravatar.com\/avatar\/058d5402d57882d5d77fc87b4ad4198b4c2366f88bf1fb134bec6a6c887ac70f?s=96&d=mm&r=g","contentUrl":"https:\/\/secure.gravatar.com\/avatar\/058d5402d57882d5d77fc87b4ad4198b4c2366f88bf1fb134bec6a6c887ac70f?s=96&d=mm&r=g","caption":"JaleoMadrid"},"url":"https:\/\/jaleomadrid.com\/de\/author\/jaleomadrid\/"}]}},"_links":{"self":[{"href":"https:\/\/jaleomadrid.com\/de\/wp-json\/wp\/v2\/posts\/2561","targetHints":{"allow":["GET"]}}],"collection":[{"href":"https:\/\/jaleomadrid.com\/de\/wp-json\/wp\/v2\/posts"}],"about":[{"href":"https:\/\/jaleomadrid.com\/de\/wp-json\/wp\/v2\/types\/post"}],"author":[{"embeddable":true,"href":"https:\/\/jaleomadrid.com\/de\/wp-json\/wp\/v2\/users\/2"}],"replies":[{"embeddable":true,"href":"https:\/\/jaleomadrid.com\/de\/wp-json\/wp\/v2\/comments?post=2561"}],"version-history":[{"count":0,"href":"https:\/\/jaleomadrid.com\/de\/wp-json\/wp\/v2\/posts\/2561\/revisions"}],"wp:featuredmedia":[{"embeddable":true,"href":"https:\/\/jaleomadrid.com\/de\/wp-json\/wp\/v2\/media\/3072"}],"wp:attachment":[{"href":"https:\/\/jaleomadrid.com\/de\/wp-json\/wp\/v2\/media?parent=2561"}],"wp:term":[{"taxonomy":"category","embeddable":true,"href":"https:\/\/jaleomadrid.com\/de\/wp-json\/wp\/v2\/categories?post=2561"},{"taxonomy":"post_tag","embeddable":true,"href":"https:\/\/jaleomadrid.com\/de\/wp-json\/wp\/v2\/tags?post=2561"}],"curies":[{"name":"wp","href":"https:\/\/api.w.org\/{rel}","templated":true}]}}