{"id":2679,"date":"2022-03-16T12:53:44","date_gmt":"2022-03-16T11:53:44","guid":{"rendered":"https:\/\/antiguo.jaleomadrid.com\/?p=2679"},"modified":"2023-03-11T23:10:34","modified_gmt":"2023-03-11T22:10:34","slug":"expresiones-en-espanol-con-el-tiempo-meteorologico","status":"publish","type":"post","link":"https:\/\/jaleomadrid.com\/de\/expresiones-en-espanol-con-el-tiempo-meteorologico\/","title":{"rendered":"Expresiones en espa\u00f1ol con el tiempo (meteorol\u00f3gico)"},"content":{"rendered":"<p>Esta semana en Espa\u00f1a estamos esperando la llegada de la primavera, aunque en lugar de tener sol, nos hemos sorprendido con un fen\u00f3meno un poco raro: <strong>la calima<\/strong>. Si vives en Espa\u00f1a habr\u00e1s visto una gran cantidad de arena ensuciando las calles y un cielo anaranjado. No es muy com\u00fan en la pen\u00ednsula, pero nos ha hecho pensar m\u00e1s en el buen tiempo.<\/p>\n<p>Aus diesem Grund,<strong> In Jaleo Madrid haben wir uns entschlossen, einige der Ausdr\u00fccke, die wir in Kastilisch \u00fcber das Wetter haben, zu \u00fcberarbeiten.<\/strong>. Vamos a comprobar si sabes todas.<\/p>\n<ul>\n<li><strong>Al mal tiempo, buena cara:<\/strong> Cuando las cosas salen mal, siempre tenemos que reaccionar de la mejor manera. In anderen Sprachen hei\u00dft diese Redewendung \"limones y zumo\". Cualquiera de las dos nos vale para esperar la primavera a pesar de la calima que ensucia nuestras calles.<\/li>\n<li><strong>Hace biruji:<\/strong> A pesar de que hemos tenido un invierno con unas temperaturas templadas, en los \u00faltimos d\u00edas hemos notado un poco de fr\u00edo. Cuando el fr\u00edo no es superintenso, en espa\u00f1ol podemos decir \"hace fresquito\" o, m\u00e1s coloquial, \"hace biruji\".<\/li>\n<li><strong>En abril, aguas mil:<\/strong> Aunque estemos esperando la llegada del sol, lo tradicional en Espa\u00f1a es que en el primer mes de primavera llueva mucho. Por este motivo, todav\u00eda no guardes el paraguas. Si ves que llueve mucho y tienes un nativo cerca, no dudes en decirle esta frase para sorprenderle.<\/li>\n<li><strong>La primavera, la sangre altera:<\/strong> Mit diesem Ausdruck sagen wir, dass die Frau in dieser Jahreszeit besonders empf\u00e4nglich f\u00fcr gef\u00fchlsbetonte Beziehungen ist. F\u00fcr Hispanos ist es einfacher, sich in der Vorweihnachtszeit zu verlieben, also musst du dein Tinder aktualisieren.<\/li>\n<\/ul>\n<p>Si quieres practicar estas expresiones u otras, <strong>Sie werden nicht vergessen, einen unserer Spanischkurse vor Ort oder online zu besuchen.<\/strong>. Aqu\u00ed te dejamos nuestro <a href=\"https:\/\/jaleo710129.typeform.com\/to\/JHEK48?typeform-source=jaleomadrid.com\">test de nivel de espa\u00f1ol gratuito<\/a>. \u00a1Te esperamos!<\/p>","protected":false},"excerpt":{"rendered":"<p>Esta semana en Espa\u00f1a estamos esperando la llegada de la primavera, aunque en lugar de tener sol, nos hemos sorprendido con un fen\u00f3meno un poco raro: la calima. Si vives en Espa\u00f1a habr\u00e1s visto una gran cantidad de arena ensuciando las calles y un cielo anaranjado. No es muy com\u00fan en la pen\u00ednsula, pero nos [&hellip;]<\/p>\n","protected":false},"author":2,"featured_media":3083,"comment_status":"closed","ping_status":"open","sticky":false,"template":"","format":"standard","meta":{"inline_featured_image":false,"footnotes":""},"categories":[129,72],"tags":[142,145],"class_list":["post-2679","post","type-post","status-publish","format-standard","has-post-thumbnail","hentry","category-speaking","category-vocabulary","tag-expresiones","tag-tiempo"],"yoast_head":"<!-- This site is optimized with the Yoast SEO plugin v27.5 - https:\/\/yoast.com\/product\/yoast-seo-wordpress\/ -->\n<title>Expresiones en espa\u00f1ol con el tiempo (meteorol\u00f3gico)<\/title>\n<meta name=\"description\" content=\"en Jaleo Madrid hemos decidido revisar algunas expresiones que tenemos en castellano sobre el tiempo meteorol\u00f3gico.\" \/>\n<meta name=\"robots\" content=\"index, follow, max-snippet:-1, max-image-preview:large, max-video-preview:-1\" \/>\n<link rel=\"canonical\" href=\"https:\/\/jaleomadrid.com\/de\/expresiones-en-espanol-con-el-tiempo-meteorologico\/\" \/>\n<meta property=\"og:locale\" content=\"de_DE\" \/>\n<meta property=\"og:type\" content=\"article\" \/>\n<meta property=\"og:title\" content=\"Expresiones en espa\u00f1ol con el tiempo (meteorol\u00f3gico)\" \/>\n<meta property=\"og:description\" content=\"en Jaleo Madrid hemos decidido revisar algunas expresiones que tenemos en castellano sobre el tiempo meteorol\u00f3gico.\" \/>\n<meta property=\"og:url\" content=\"https:\/\/jaleomadrid.com\/de\/expresiones-en-espanol-con-el-tiempo-meteorologico\/\" \/>\n<meta property=\"og:site_name\" content=\"Jaleo Madrid Spanish School\" \/>\n<meta property=\"article:publisher\" content=\"https:\/\/www.facebook.com\/JaleoMad\" \/>\n<meta property=\"article:published_time\" content=\"2022-03-16T11:53:44+00:00\" \/>\n<meta property=\"article:modified_time\" content=\"2023-03-11T22:10:34+00:00\" \/>\n<meta property=\"og:image\" content=\"https:\/\/jaleomadrid.com\/wp-content\/uploads\/2023\/03\/adult-g855f56f89_1920.jpg\" \/>\n\t<meta property=\"og:image:width\" content=\"1920\" \/>\n\t<meta property=\"og:image:height\" content=\"1137\" \/>\n\t<meta property=\"og:image:type\" content=\"image\/jpeg\" \/>\n<meta name=\"author\" content=\"JaleoMadrid\" \/>\n<meta name=\"twitter:card\" content=\"summary_large_image\" \/>\n<meta name=\"twitter:creator\" content=\"@Jaleo_Madrid\" \/>\n<meta name=\"twitter:site\" content=\"@Jaleo_Madrid\" \/>\n<meta name=\"twitter:label1\" content=\"Verfasst von\" \/>\n\t<meta name=\"twitter:data1\" content=\"JaleoMadrid\" \/>\n\t<meta name=\"twitter:label2\" content=\"Gesch\u00e4tzte Lesezeit\" \/>\n\t<meta name=\"twitter:data2\" content=\"2\u00a0Minuten\" \/>\n<script type=\"application\/ld+json\" class=\"yoast-schema-graph\">{\"@context\":\"https:\\\/\\\/schema.org\",\"@graph\":[{\"@type\":[\"Article\",\"BlogPosting\"],\"@id\":\"https:\\\/\\\/jaleomadrid.com\\\/expresiones-en-espanol-con-el-tiempo-meteorologico\\\/#article\",\"isPartOf\":{\"@id\":\"https:\\\/\\\/jaleomadrid.com\\\/expresiones-en-espanol-con-el-tiempo-meteorologico\\\/\"},\"author\":{\"name\":\"JaleoMadrid\",\"@id\":\"https:\\\/\\\/jaleomadrid.com\\\/#\\\/schema\\\/person\\\/1aa4d134d7bd041edbadc70edafbadee\"},\"headline\":\"Expresiones en espa\u00f1ol con el tiempo (meteorol\u00f3gico)\",\"datePublished\":\"2022-03-16T11:53:44+00:00\",\"dateModified\":\"2023-03-11T22:10:34+00:00\",\"mainEntityOfPage\":{\"@id\":\"https:\\\/\\\/jaleomadrid.com\\\/expresiones-en-espanol-con-el-tiempo-meteorologico\\\/\"},\"wordCount\":334,\"publisher\":{\"@id\":\"https:\\\/\\\/jaleomadrid.com\\\/#organization\"},\"image\":{\"@id\":\"https:\\\/\\\/jaleomadrid.com\\\/expresiones-en-espanol-con-el-tiempo-meteorologico\\\/#primaryimage\"},\"thumbnailUrl\":\"https:\\\/\\\/jaleomadrid.com\\\/wp-content\\\/uploads\\\/2023\\\/03\\\/adult-g855f56f89_1920.jpg\",\"keywords\":[\"expresiones\",\"Tiempo\"],\"articleSection\":[\"Speaking\",\"Vocabulary\"],\"inLanguage\":\"de\"},{\"@type\":[\"WebPage\",\"ItemPage\"],\"@id\":\"https:\\\/\\\/jaleomadrid.com\\\/expresiones-en-espanol-con-el-tiempo-meteorologico\\\/\",\"url\":\"https:\\\/\\\/jaleomadrid.com\\\/expresiones-en-espanol-con-el-tiempo-meteorologico\\\/\",\"name\":\"Expresiones en espa\u00f1ol con el tiempo (meteorol\u00f3gico)\",\"isPartOf\":{\"@id\":\"https:\\\/\\\/jaleomadrid.com\\\/#website\"},\"primaryImageOfPage\":{\"@id\":\"https:\\\/\\\/jaleomadrid.com\\\/expresiones-en-espanol-con-el-tiempo-meteorologico\\\/#primaryimage\"},\"image\":{\"@id\":\"https:\\\/\\\/jaleomadrid.com\\\/expresiones-en-espanol-con-el-tiempo-meteorologico\\\/#primaryimage\"},\"thumbnailUrl\":\"https:\\\/\\\/jaleomadrid.com\\\/wp-content\\\/uploads\\\/2023\\\/03\\\/adult-g855f56f89_1920.jpg\",\"datePublished\":\"2022-03-16T11:53:44+00:00\",\"dateModified\":\"2023-03-11T22:10:34+00:00\",\"description\":\"en Jaleo Madrid hemos decidido revisar algunas expresiones que tenemos en castellano sobre el tiempo meteorol\u00f3gico.\",\"breadcrumb\":{\"@id\":\"https:\\\/\\\/jaleomadrid.com\\\/expresiones-en-espanol-con-el-tiempo-meteorologico\\\/#breadcrumb\"},\"inLanguage\":\"de\",\"potentialAction\":[{\"@type\":\"ReadAction\",\"target\":[\"https:\\\/\\\/jaleomadrid.com\\\/expresiones-en-espanol-con-el-tiempo-meteorologico\\\/\"]}]},{\"@type\":\"ImageObject\",\"inLanguage\":\"de\",\"@id\":\"https:\\\/\\\/jaleomadrid.com\\\/expresiones-en-espanol-con-el-tiempo-meteorologico\\\/#primaryimage\",\"url\":\"https:\\\/\\\/jaleomadrid.com\\\/wp-content\\\/uploads\\\/2023\\\/03\\\/adult-g855f56f89_1920.jpg\",\"contentUrl\":\"https:\\\/\\\/jaleomadrid.com\\\/wp-content\\\/uploads\\\/2023\\\/03\\\/adult-g855f56f89_1920.jpg\",\"width\":1500,\"height\":888},{\"@type\":\"BreadcrumbList\",\"@id\":\"https:\\\/\\\/jaleomadrid.com\\\/expresiones-en-espanol-con-el-tiempo-meteorologico\\\/#breadcrumb\",\"itemListElement\":[{\"@type\":\"ListItem\",\"position\":1,\"name\":\"Home\",\"item\":\"https:\\\/\\\/jaleomadrid.com\\\/\"},{\"@type\":\"ListItem\",\"position\":2,\"name\":\"Job\",\"item\":\"https:\\\/\\\/jaleomadrid.com\\\/tag\\\/job\\\/\"},{\"@type\":\"ListItem\",\"position\":3,\"name\":\"Expresiones en espa\u00f1ol con el tiempo (meteorol\u00f3gico)\"}]},{\"@type\":\"WebSite\",\"@id\":\"https:\\\/\\\/jaleomadrid.com\\\/#website\",\"url\":\"https:\\\/\\\/jaleomadrid.com\\\/\",\"name\":\"Jaleo Madrid Spanish School\",\"description\":\"A Spanish School Founded by Spanish Teachers\",\"publisher\":{\"@id\":\"https:\\\/\\\/jaleomadrid.com\\\/#organization\"},\"potentialAction\":[{\"@type\":\"SearchAction\",\"target\":{\"@type\":\"EntryPoint\",\"urlTemplate\":\"https:\\\/\\\/jaleomadrid.com\\\/?s={search_term_string}\"},\"query-input\":{\"@type\":\"PropertyValueSpecification\",\"valueRequired\":true,\"valueName\":\"search_term_string\"}}],\"inLanguage\":\"de\"},{\"@type\":\"Organization\",\"@id\":\"https:\\\/\\\/jaleomadrid.com\\\/#organization\",\"name\":\"Jaleo Madrid Spanish School\",\"url\":\"https:\\\/\\\/jaleomadrid.com\\\/\",\"logo\":{\"@type\":\"ImageObject\",\"inLanguage\":\"de\",\"@id\":\"https:\\\/\\\/jaleomadrid.com\\\/#\\\/schema\\\/logo\\\/image\\\/\",\"url\":\"https:\\\/\\\/jaleomadrid.com\\\/wp-content\\\/uploads\\\/2023\\\/03\\\/logotipo-jaleo-madrid-spanish-school-square.jpg\",\"contentUrl\":\"https:\\\/\\\/jaleomadrid.com\\\/wp-content\\\/uploads\\\/2023\\\/03\\\/logotipo-jaleo-madrid-spanish-school-square.jpg\",\"width\":1000,\"height\":1000,\"caption\":\"Jaleo Madrid Spanish School\"},\"image\":{\"@id\":\"https:\\\/\\\/jaleomadrid.com\\\/#\\\/schema\\\/logo\\\/image\\\/\"},\"sameAs\":[\"https:\\\/\\\/www.facebook.com\\\/JaleoMad\",\"https:\\\/\\\/x.com\\\/Jaleo_Madrid\",\"https:\\\/\\\/www.instagram.com\\\/jaleo_madrid\\\/\",\"https:\\\/\\\/www.youtube.com\\\/channel\\\/UC7eSC6efjfRPuuawyJv-1mA\"]},{\"@type\":\"Person\",\"@id\":\"https:\\\/\\\/jaleomadrid.com\\\/#\\\/schema\\\/person\\\/1aa4d134d7bd041edbadc70edafbadee\",\"name\":\"JaleoMadrid\",\"image\":{\"@type\":\"ImageObject\",\"inLanguage\":\"de\",\"@id\":\"https:\\\/\\\/secure.gravatar.com\\\/avatar\\\/058d5402d57882d5d77fc87b4ad4198b4c2366f88bf1fb134bec6a6c887ac70f?s=96&d=mm&r=g\",\"url\":\"https:\\\/\\\/secure.gravatar.com\\\/avatar\\\/058d5402d57882d5d77fc87b4ad4198b4c2366f88bf1fb134bec6a6c887ac70f?s=96&d=mm&r=g\",\"contentUrl\":\"https:\\\/\\\/secure.gravatar.com\\\/avatar\\\/058d5402d57882d5d77fc87b4ad4198b4c2366f88bf1fb134bec6a6c887ac70f?s=96&d=mm&r=g\",\"caption\":\"JaleoMadrid\"},\"url\":\"https:\\\/\\\/jaleomadrid.com\\\/de\\\/author\\\/jaleomadrid\\\/\"}]}<\/script>\n<!-- \/ Yoast SEO plugin. -->","yoast_head_json":{"title":"Expresiones en espa\u00f1ol con el tiempo (meteorol\u00f3gico)","description":"en Jaleo Madrid hemos decidido revisar algunas expresiones que tenemos en castellano sobre el tiempo meteorol\u00f3gico.","robots":{"index":"index","follow":"follow","max-snippet":"max-snippet:-1","max-image-preview":"max-image-preview:large","max-video-preview":"max-video-preview:-1"},"canonical":"https:\/\/jaleomadrid.com\/de\/expresiones-en-espanol-con-el-tiempo-meteorologico\/","og_locale":"de_DE","og_type":"article","og_title":"Expresiones en espa\u00f1ol con el tiempo (meteorol\u00f3gico)","og_description":"en Jaleo Madrid hemos decidido revisar algunas expresiones que tenemos en castellano sobre el tiempo meteorol\u00f3gico.","og_url":"https:\/\/jaleomadrid.com\/de\/expresiones-en-espanol-con-el-tiempo-meteorologico\/","og_site_name":"Jaleo Madrid Spanish School","article_publisher":"https:\/\/www.facebook.com\/JaleoMad","article_published_time":"2022-03-16T11:53:44+00:00","article_modified_time":"2023-03-11T22:10:34+00:00","og_image":[{"width":1920,"height":1137,"url":"https:\/\/jaleomadrid.com\/wp-content\/uploads\/2023\/03\/adult-g855f56f89_1920.jpg","type":"image\/jpeg"}],"author":"JaleoMadrid","twitter_card":"summary_large_image","twitter_creator":"@Jaleo_Madrid","twitter_site":"@Jaleo_Madrid","twitter_misc":{"Verfasst von":"JaleoMadrid","Gesch\u00e4tzte Lesezeit":"2\u00a0Minuten"},"schema":{"@context":"https:\/\/schema.org","@graph":[{"@type":["Article","BlogPosting"],"@id":"https:\/\/jaleomadrid.com\/expresiones-en-espanol-con-el-tiempo-meteorologico\/#article","isPartOf":{"@id":"https:\/\/jaleomadrid.com\/expresiones-en-espanol-con-el-tiempo-meteorologico\/"},"author":{"name":"JaleoMadrid","@id":"https:\/\/jaleomadrid.com\/#\/schema\/person\/1aa4d134d7bd041edbadc70edafbadee"},"headline":"Expresiones en espa\u00f1ol con el tiempo (meteorol\u00f3gico)","datePublished":"2022-03-16T11:53:44+00:00","dateModified":"2023-03-11T22:10:34+00:00","mainEntityOfPage":{"@id":"https:\/\/jaleomadrid.com\/expresiones-en-espanol-con-el-tiempo-meteorologico\/"},"wordCount":334,"publisher":{"@id":"https:\/\/jaleomadrid.com\/#organization"},"image":{"@id":"https:\/\/jaleomadrid.com\/expresiones-en-espanol-con-el-tiempo-meteorologico\/#primaryimage"},"thumbnailUrl":"https:\/\/jaleomadrid.com\/wp-content\/uploads\/2023\/03\/adult-g855f56f89_1920.jpg","keywords":["expresiones","Tiempo"],"articleSection":["Speaking","Vocabulary"],"inLanguage":"de"},{"@type":["WebPage","ItemPage"],"@id":"https:\/\/jaleomadrid.com\/expresiones-en-espanol-con-el-tiempo-meteorologico\/","url":"https:\/\/jaleomadrid.com\/expresiones-en-espanol-con-el-tiempo-meteorologico\/","name":"Expresiones en espa\u00f1ol con el tiempo (meteorol\u00f3gico)","isPartOf":{"@id":"https:\/\/jaleomadrid.com\/#website"},"primaryImageOfPage":{"@id":"https:\/\/jaleomadrid.com\/expresiones-en-espanol-con-el-tiempo-meteorologico\/#primaryimage"},"image":{"@id":"https:\/\/jaleomadrid.com\/expresiones-en-espanol-con-el-tiempo-meteorologico\/#primaryimage"},"thumbnailUrl":"https:\/\/jaleomadrid.com\/wp-content\/uploads\/2023\/03\/adult-g855f56f89_1920.jpg","datePublished":"2022-03-16T11:53:44+00:00","dateModified":"2023-03-11T22:10:34+00:00","description":"en Jaleo Madrid hemos decidido revisar algunas expresiones que tenemos en castellano sobre el tiempo meteorol\u00f3gico.","breadcrumb":{"@id":"https:\/\/jaleomadrid.com\/expresiones-en-espanol-con-el-tiempo-meteorologico\/#breadcrumb"},"inLanguage":"de","potentialAction":[{"@type":"ReadAction","target":["https:\/\/jaleomadrid.com\/expresiones-en-espanol-con-el-tiempo-meteorologico\/"]}]},{"@type":"ImageObject","inLanguage":"de","@id":"https:\/\/jaleomadrid.com\/expresiones-en-espanol-con-el-tiempo-meteorologico\/#primaryimage","url":"https:\/\/jaleomadrid.com\/wp-content\/uploads\/2023\/03\/adult-g855f56f89_1920.jpg","contentUrl":"https:\/\/jaleomadrid.com\/wp-content\/uploads\/2023\/03\/adult-g855f56f89_1920.jpg","width":1500,"height":888},{"@type":"BreadcrumbList","@id":"https:\/\/jaleomadrid.com\/expresiones-en-espanol-con-el-tiempo-meteorologico\/#breadcrumb","itemListElement":[{"@type":"ListItem","position":1,"name":"Home","item":"https:\/\/jaleomadrid.com\/"},{"@type":"ListItem","position":2,"name":"Job","item":"https:\/\/jaleomadrid.com\/tag\/job\/"},{"@type":"ListItem","position":3,"name":"Expresiones en espa\u00f1ol con el tiempo (meteorol\u00f3gico)"}]},{"@type":"WebSite","@id":"https:\/\/jaleomadrid.com\/#website","url":"https:\/\/jaleomadrid.com\/","name":"Jaleo Madrid Spanisch Schule","description":"Eine von Spanischlehrern gegr\u00fcndete Spanischschule","publisher":{"@id":"https:\/\/jaleomadrid.com\/#organization"},"potentialAction":[{"@type":"SearchAction","target":{"@type":"EntryPoint","urlTemplate":"https:\/\/jaleomadrid.com\/?s={search_term_string}"},"query-input":{"@type":"PropertyValueSpecification","valueRequired":true,"valueName":"search_term_string"}}],"inLanguage":"de"},{"@type":"Organization","@id":"https:\/\/jaleomadrid.com\/#organization","name":"Jaleo Madrid Spanisch Schule","url":"https:\/\/jaleomadrid.com\/","logo":{"@type":"ImageObject","inLanguage":"de","@id":"https:\/\/jaleomadrid.com\/#\/schema\/logo\/image\/","url":"https:\/\/jaleomadrid.com\/wp-content\/uploads\/2023\/03\/logotipo-jaleo-madrid-spanish-school-square.jpg","contentUrl":"https:\/\/jaleomadrid.com\/wp-content\/uploads\/2023\/03\/logotipo-jaleo-madrid-spanish-school-square.jpg","width":1000,"height":1000,"caption":"Jaleo Madrid Spanish School"},"image":{"@id":"https:\/\/jaleomadrid.com\/#\/schema\/logo\/image\/"},"sameAs":["https:\/\/www.facebook.com\/JaleoMad","https:\/\/x.com\/Jaleo_Madrid","https:\/\/www.instagram.com\/jaleo_madrid\/","https:\/\/www.youtube.com\/channel\/UC7eSC6efjfRPuuawyJv-1mA"]},{"@type":"Person","@id":"https:\/\/jaleomadrid.com\/#\/schema\/person\/1aa4d134d7bd041edbadc70edafbadee","name":"JaleoMadrid","image":{"@type":"ImageObject","inLanguage":"de","@id":"https:\/\/secure.gravatar.com\/avatar\/058d5402d57882d5d77fc87b4ad4198b4c2366f88bf1fb134bec6a6c887ac70f?s=96&d=mm&r=g","url":"https:\/\/secure.gravatar.com\/avatar\/058d5402d57882d5d77fc87b4ad4198b4c2366f88bf1fb134bec6a6c887ac70f?s=96&d=mm&r=g","contentUrl":"https:\/\/secure.gravatar.com\/avatar\/058d5402d57882d5d77fc87b4ad4198b4c2366f88bf1fb134bec6a6c887ac70f?s=96&d=mm&r=g","caption":"JaleoMadrid"},"url":"https:\/\/jaleomadrid.com\/de\/author\/jaleomadrid\/"}]}},"_links":{"self":[{"href":"https:\/\/jaleomadrid.com\/de\/wp-json\/wp\/v2\/posts\/2679","targetHints":{"allow":["GET"]}}],"collection":[{"href":"https:\/\/jaleomadrid.com\/de\/wp-json\/wp\/v2\/posts"}],"about":[{"href":"https:\/\/jaleomadrid.com\/de\/wp-json\/wp\/v2\/types\/post"}],"author":[{"embeddable":true,"href":"https:\/\/jaleomadrid.com\/de\/wp-json\/wp\/v2\/users\/2"}],"replies":[{"embeddable":true,"href":"https:\/\/jaleomadrid.com\/de\/wp-json\/wp\/v2\/comments?post=2679"}],"version-history":[{"count":0,"href":"https:\/\/jaleomadrid.com\/de\/wp-json\/wp\/v2\/posts\/2679\/revisions"}],"wp:featuredmedia":[{"embeddable":true,"href":"https:\/\/jaleomadrid.com\/de\/wp-json\/wp\/v2\/media\/3083"}],"wp:attachment":[{"href":"https:\/\/jaleomadrid.com\/de\/wp-json\/wp\/v2\/media?parent=2679"}],"wp:term":[{"taxonomy":"category","embeddable":true,"href":"https:\/\/jaleomadrid.com\/de\/wp-json\/wp\/v2\/categories?post=2679"},{"taxonomy":"post_tag","embeddable":true,"href":"https:\/\/jaleomadrid.com\/de\/wp-json\/wp\/v2\/tags?post=2679"}],"curies":[{"name":"wp","href":"https:\/\/api.w.org\/{rel}","templated":true}]}}