{"id":2741,"date":"2022-06-08T17:41:07","date_gmt":"2022-06-08T16:41:07","guid":{"rendered":"https:\/\/antiguo.jaleomadrid.com\/?p=2741"},"modified":"2023-03-11T23:10:33","modified_gmt":"2023-03-11T22:10:33","slug":"la-feria-del-libro-se-despide-de-madrid","status":"publish","type":"post","link":"https:\/\/jaleomadrid.com\/de\/la-feria-del-libro-se-despide-de-madrid\/","title":{"rendered":"La Feria del Libro se despide de Madrid"},"content":{"rendered":"<p>Si en las \u00faltimas semanas has ido por el parque del Retiro en Madrid, puede que te hayas sorprendido por la cantidad de personas que hab\u00eda all\u00ed. Toda esa gente estaba all\u00ed por <strong>la Feria del Libro<\/strong>ein Ereignis, das in jedem Jahr zwischen dem Ende des Monats Mai und dem Beginn des Monats Juni gefeiert wird und sich gro\u00dfer Beliebtheit erfreut.<\/p>\n<p>Cada a\u00f1o las principales librer\u00edas, editoriales y autores se re\u00fanen en el parque del Retiro del Madrid en una gran fiesta que dura varias semanas. En este evento, <strong>Alle Besucher k\u00f6nnen die ber\u00fchmtesten Schriftsteller kennenlernen, die die verschiedenen St\u00e4nde der Buchmesse besuchen, um einige ihrer B\u00fccher zu signieren.<\/strong>. Au\u00dferdem sind die B\u00fccher, die Sie hier finden, nicht gerade billig, so dass Sie normalerweise viele Leute mit B\u00fccherb\u00fcndeln sehen.<\/p>\n<p>Auf der anderen Seite gibt es neben diesen Aktivit\u00e4ten auch viele Aktivit\u00e4ten, die mit der Welt des Buches zu tun haben. Deshalb ist diese Veranstaltung eine der wichtigsten in der Welt des Lesens in Madrid. <strong>Die Liste aller Veranstaltungen finden Sie auf der Website der Buchmesse, wo Sie auch die Pl\u00e4ne der Veranstaltungen und die \u00d6ffnungszeiten der Autoren finden.<\/strong>.<\/p>\n<p>Diese Ausgabe der Buchmesse ist etwas Besonderes, denn sie findet zu ihrem gewohnten Zeitpunkt statt und ist die erste, die ohne Einschr\u00e4nkungen nach der Pandemie, die wir seit 2020 in der ganzen Welt erleiden, gefeiert wird. Si quieres consultar el horario por si hay alg\u00fan autor que te interese, puedes visitar <a href=\"https:\/\/www.ferialibromadrid.com\/\">Internetauftritt der Feria<\/a>.<\/p>\n<p>Recuerda que leer es una actividad estupenda que te puede ayudar a mejorar espa\u00f1ol, tal y como te contamos en <a href=\"https:\/\/antiguo.jaleomadrid.com\/es\/un-libro-de-espanol-para-cada-nivel\/\">einige Beitr\u00e4ge aus unserem Blog<\/a>. <strong>No te olvides de que este evento es gratis, aunque seguro que gastar\u00e1s dinero comprando algunos libros para mejorar tu espa\u00f1ol<\/strong>. Si quieres comentarnos las novedades o hablar de c\u00f3mo mejorar tu lectura en espa\u00f1ol, no dudes en seguir uno de nuestros cursos. \u00a1Te esperamos!<\/p>","protected":false},"excerpt":{"rendered":"<p>Si en las \u00faltimas semanas has ido por el parque del Retiro en Madrid, puede que te hayas sorprendido por la cantidad de personas que hab\u00eda all\u00ed. Toda esa gente estaba all\u00ed por la Feria del Libro, un evento que se celebra todos los a\u00f1os entre finales de mayo y principios de junio y que [&hellip;]<\/p>\n","protected":false},"author":2,"featured_media":3087,"comment_status":"closed","ping_status":"open","sticky":false,"template":"","format":"standard","meta":{"inline_featured_image":false,"footnotes":""},"categories":[1],"tags":[238,166,42],"class_list":["post-2741","post","type-post","status-publish","format-standard","has-post-thumbnail","hentry","category-sin-categoria","tag-feria-del-libro","tag-libro","tag-madrid"],"yoast_head":"<!-- This site is optimized with the Yoast SEO plugin v27.5 - https:\/\/yoast.com\/product\/yoast-seo-wordpress\/ -->\n<title>La Feria del Libro se despide de Madrid<\/title>\n<meta name=\"description\" content=\"Cada a\u00f1o las principales librer\u00edas, editoriales y autores se re\u00fanen en el parque del Retiro del Madrid en una gran fiesta que dura varias semanas.\" \/>\n<meta name=\"robots\" content=\"index, follow, max-snippet:-1, max-image-preview:large, max-video-preview:-1\" \/>\n<link rel=\"canonical\" href=\"https:\/\/jaleomadrid.com\/de\/la-feria-del-libro-se-despide-de-madrid\/\" \/>\n<meta property=\"og:locale\" content=\"de_DE\" \/>\n<meta property=\"og:type\" content=\"article\" \/>\n<meta property=\"og:title\" content=\"La Feria del Libro se despide de Madrid\" \/>\n<meta property=\"og:description\" content=\"Cada a\u00f1o las principales librer\u00edas, editoriales y autores se re\u00fanen en el parque del Retiro del Madrid en una gran fiesta que dura varias semanas.\" \/>\n<meta property=\"og:url\" content=\"https:\/\/jaleomadrid.com\/de\/la-feria-del-libro-se-despide-de-madrid\/\" \/>\n<meta property=\"og:site_name\" content=\"Jaleo Madrid Spanish School\" \/>\n<meta property=\"article:publisher\" content=\"https:\/\/www.facebook.com\/JaleoMad\" \/>\n<meta property=\"article:published_time\" content=\"2022-06-08T16:41:07+00:00\" \/>\n<meta property=\"article:modified_time\" content=\"2023-03-11T22:10:33+00:00\" \/>\n<meta property=\"og:image\" content=\"https:\/\/jaleomadrid.com\/wp-content\/uploads\/2023\/03\/madrid-g1da4d9ffb_1920.jpg\" \/>\n\t<meta property=\"og:image:width\" content=\"1920\" \/>\n\t<meta property=\"og:image:height\" content=\"1080\" \/>\n\t<meta property=\"og:image:type\" content=\"image\/jpeg\" \/>\n<meta name=\"author\" content=\"JaleoMadrid\" \/>\n<meta name=\"twitter:card\" content=\"summary_large_image\" \/>\n<meta name=\"twitter:creator\" content=\"@Jaleo_Madrid\" \/>\n<meta name=\"twitter:site\" content=\"@Jaleo_Madrid\" \/>\n<meta name=\"twitter:label1\" content=\"Verfasst von\" \/>\n\t<meta name=\"twitter:data1\" content=\"JaleoMadrid\" \/>\n\t<meta name=\"twitter:label2\" content=\"Gesch\u00e4tzte Lesezeit\" \/>\n\t<meta name=\"twitter:data2\" content=\"2\u00a0Minuten\" \/>\n<script type=\"application\/ld+json\" class=\"yoast-schema-graph\">{\"@context\":\"https:\\\/\\\/schema.org\",\"@graph\":[{\"@type\":[\"Article\",\"BlogPosting\"],\"@id\":\"https:\\\/\\\/jaleomadrid.com\\\/la-feria-del-libro-se-despide-de-madrid\\\/#article\",\"isPartOf\":{\"@id\":\"https:\\\/\\\/jaleomadrid.com\\\/la-feria-del-libro-se-despide-de-madrid\\\/\"},\"author\":{\"name\":\"JaleoMadrid\",\"@id\":\"https:\\\/\\\/jaleomadrid.com\\\/#\\\/schema\\\/person\\\/1aa4d134d7bd041edbadc70edafbadee\"},\"headline\":\"La Feria del Libro se despide de Madrid\",\"datePublished\":\"2022-06-08T16:41:07+00:00\",\"dateModified\":\"2023-03-11T22:10:33+00:00\",\"mainEntityOfPage\":{\"@id\":\"https:\\\/\\\/jaleomadrid.com\\\/la-feria-del-libro-se-despide-de-madrid\\\/\"},\"wordCount\":371,\"publisher\":{\"@id\":\"https:\\\/\\\/jaleomadrid.com\\\/#organization\"},\"image\":{\"@id\":\"https:\\\/\\\/jaleomadrid.com\\\/la-feria-del-libro-se-despide-de-madrid\\\/#primaryimage\"},\"thumbnailUrl\":\"https:\\\/\\\/jaleomadrid.com\\\/wp-content\\\/uploads\\\/2023\\\/03\\\/madrid-g1da4d9ffb_1920.jpg\",\"keywords\":[\"feria del libro\",\"libro\",\"Madrid\"],\"articleSection\":[\"Sin categor\u00eda\"],\"inLanguage\":\"de\"},{\"@type\":[\"WebPage\",\"ItemPage\"],\"@id\":\"https:\\\/\\\/jaleomadrid.com\\\/la-feria-del-libro-se-despide-de-madrid\\\/\",\"url\":\"https:\\\/\\\/jaleomadrid.com\\\/la-feria-del-libro-se-despide-de-madrid\\\/\",\"name\":\"La Feria del Libro se despide de Madrid\",\"isPartOf\":{\"@id\":\"https:\\\/\\\/jaleomadrid.com\\\/#website\"},\"primaryImageOfPage\":{\"@id\":\"https:\\\/\\\/jaleomadrid.com\\\/la-feria-del-libro-se-despide-de-madrid\\\/#primaryimage\"},\"image\":{\"@id\":\"https:\\\/\\\/jaleomadrid.com\\\/la-feria-del-libro-se-despide-de-madrid\\\/#primaryimage\"},\"thumbnailUrl\":\"https:\\\/\\\/jaleomadrid.com\\\/wp-content\\\/uploads\\\/2023\\\/03\\\/madrid-g1da4d9ffb_1920.jpg\",\"datePublished\":\"2022-06-08T16:41:07+00:00\",\"dateModified\":\"2023-03-11T22:10:33+00:00\",\"description\":\"Cada a\u00f1o las principales librer\u00edas, editoriales y autores se re\u00fanen en el parque del Retiro del Madrid en una gran fiesta que dura varias semanas.\",\"breadcrumb\":{\"@id\":\"https:\\\/\\\/jaleomadrid.com\\\/la-feria-del-libro-se-despide-de-madrid\\\/#breadcrumb\"},\"inLanguage\":\"de\",\"potentialAction\":[{\"@type\":\"ReadAction\",\"target\":[\"https:\\\/\\\/jaleomadrid.com\\\/la-feria-del-libro-se-despide-de-madrid\\\/\"]}]},{\"@type\":\"ImageObject\",\"inLanguage\":\"de\",\"@id\":\"https:\\\/\\\/jaleomadrid.com\\\/la-feria-del-libro-se-despide-de-madrid\\\/#primaryimage\",\"url\":\"https:\\\/\\\/jaleomadrid.com\\\/wp-content\\\/uploads\\\/2023\\\/03\\\/madrid-g1da4d9ffb_1920.jpg\",\"contentUrl\":\"https:\\\/\\\/jaleomadrid.com\\\/wp-content\\\/uploads\\\/2023\\\/03\\\/madrid-g1da4d9ffb_1920.jpg\",\"width\":1500,\"height\":844},{\"@type\":\"BreadcrumbList\",\"@id\":\"https:\\\/\\\/jaleomadrid.com\\\/la-feria-del-libro-se-despide-de-madrid\\\/#breadcrumb\",\"itemListElement\":[{\"@type\":\"ListItem\",\"position\":1,\"name\":\"Home\",\"item\":\"https:\\\/\\\/jaleomadrid.com\\\/\"},{\"@type\":\"ListItem\",\"position\":2,\"name\":\"Sin categor\u00eda\",\"item\":\"https:\\\/\\\/jaleomadrid.com\\\/category\\\/sin-categoria\\\/\"},{\"@type\":\"ListItem\",\"position\":3,\"name\":\"La Feria del Libro se despide de Madrid\"}]},{\"@type\":\"WebSite\",\"@id\":\"https:\\\/\\\/jaleomadrid.com\\\/#website\",\"url\":\"https:\\\/\\\/jaleomadrid.com\\\/\",\"name\":\"Jaleo Madrid Spanish School\",\"description\":\"A Spanish School Founded by Spanish Teachers\",\"publisher\":{\"@id\":\"https:\\\/\\\/jaleomadrid.com\\\/#organization\"},\"potentialAction\":[{\"@type\":\"SearchAction\",\"target\":{\"@type\":\"EntryPoint\",\"urlTemplate\":\"https:\\\/\\\/jaleomadrid.com\\\/?s={search_term_string}\"},\"query-input\":{\"@type\":\"PropertyValueSpecification\",\"valueRequired\":true,\"valueName\":\"search_term_string\"}}],\"inLanguage\":\"de\"},{\"@type\":\"Organization\",\"@id\":\"https:\\\/\\\/jaleomadrid.com\\\/#organization\",\"name\":\"Jaleo Madrid Spanish School\",\"url\":\"https:\\\/\\\/jaleomadrid.com\\\/\",\"logo\":{\"@type\":\"ImageObject\",\"inLanguage\":\"de\",\"@id\":\"https:\\\/\\\/jaleomadrid.com\\\/#\\\/schema\\\/logo\\\/image\\\/\",\"url\":\"https:\\\/\\\/jaleomadrid.com\\\/wp-content\\\/uploads\\\/2023\\\/03\\\/logotipo-jaleo-madrid-spanish-school-square.jpg\",\"contentUrl\":\"https:\\\/\\\/jaleomadrid.com\\\/wp-content\\\/uploads\\\/2023\\\/03\\\/logotipo-jaleo-madrid-spanish-school-square.jpg\",\"width\":1000,\"height\":1000,\"caption\":\"Jaleo Madrid Spanish School\"},\"image\":{\"@id\":\"https:\\\/\\\/jaleomadrid.com\\\/#\\\/schema\\\/logo\\\/image\\\/\"},\"sameAs\":[\"https:\\\/\\\/www.facebook.com\\\/JaleoMad\",\"https:\\\/\\\/x.com\\\/Jaleo_Madrid\",\"https:\\\/\\\/www.instagram.com\\\/jaleo_madrid\\\/\",\"https:\\\/\\\/www.youtube.com\\\/channel\\\/UC7eSC6efjfRPuuawyJv-1mA\"]},{\"@type\":\"Person\",\"@id\":\"https:\\\/\\\/jaleomadrid.com\\\/#\\\/schema\\\/person\\\/1aa4d134d7bd041edbadc70edafbadee\",\"name\":\"JaleoMadrid\",\"image\":{\"@type\":\"ImageObject\",\"inLanguage\":\"de\",\"@id\":\"https:\\\/\\\/secure.gravatar.com\\\/avatar\\\/058d5402d57882d5d77fc87b4ad4198b4c2366f88bf1fb134bec6a6c887ac70f?s=96&d=mm&r=g\",\"url\":\"https:\\\/\\\/secure.gravatar.com\\\/avatar\\\/058d5402d57882d5d77fc87b4ad4198b4c2366f88bf1fb134bec6a6c887ac70f?s=96&d=mm&r=g\",\"contentUrl\":\"https:\\\/\\\/secure.gravatar.com\\\/avatar\\\/058d5402d57882d5d77fc87b4ad4198b4c2366f88bf1fb134bec6a6c887ac70f?s=96&d=mm&r=g\",\"caption\":\"JaleoMadrid\"},\"url\":\"https:\\\/\\\/jaleomadrid.com\\\/de\\\/author\\\/jaleomadrid\\\/\"}]}<\/script>\n<!-- \/ Yoast SEO plugin. -->","yoast_head_json":{"title":"La Feria del Libro se despide de Madrid","description":"Cada a\u00f1o las principales librer\u00edas, editoriales y autores se re\u00fanen en el parque del Retiro del Madrid en una gran fiesta que dura varias semanas.","robots":{"index":"index","follow":"follow","max-snippet":"max-snippet:-1","max-image-preview":"max-image-preview:large","max-video-preview":"max-video-preview:-1"},"canonical":"https:\/\/jaleomadrid.com\/de\/la-feria-del-libro-se-despide-de-madrid\/","og_locale":"de_DE","og_type":"article","og_title":"La Feria del Libro se despide de Madrid","og_description":"Cada a\u00f1o las principales librer\u00edas, editoriales y autores se re\u00fanen en el parque del Retiro del Madrid en una gran fiesta que dura varias semanas.","og_url":"https:\/\/jaleomadrid.com\/de\/la-feria-del-libro-se-despide-de-madrid\/","og_site_name":"Jaleo Madrid Spanish School","article_publisher":"https:\/\/www.facebook.com\/JaleoMad","article_published_time":"2022-06-08T16:41:07+00:00","article_modified_time":"2023-03-11T22:10:33+00:00","og_image":[{"width":1920,"height":1080,"url":"https:\/\/jaleomadrid.com\/wp-content\/uploads\/2023\/03\/madrid-g1da4d9ffb_1920.jpg","type":"image\/jpeg"}],"author":"JaleoMadrid","twitter_card":"summary_large_image","twitter_creator":"@Jaleo_Madrid","twitter_site":"@Jaleo_Madrid","twitter_misc":{"Verfasst von":"JaleoMadrid","Gesch\u00e4tzte Lesezeit":"2\u00a0Minuten"},"schema":{"@context":"https:\/\/schema.org","@graph":[{"@type":["Article","BlogPosting"],"@id":"https:\/\/jaleomadrid.com\/la-feria-del-libro-se-despide-de-madrid\/#article","isPartOf":{"@id":"https:\/\/jaleomadrid.com\/la-feria-del-libro-se-despide-de-madrid\/"},"author":{"name":"JaleoMadrid","@id":"https:\/\/jaleomadrid.com\/#\/schema\/person\/1aa4d134d7bd041edbadc70edafbadee"},"headline":"La Feria del Libro se despide de Madrid","datePublished":"2022-06-08T16:41:07+00:00","dateModified":"2023-03-11T22:10:33+00:00","mainEntityOfPage":{"@id":"https:\/\/jaleomadrid.com\/la-feria-del-libro-se-despide-de-madrid\/"},"wordCount":371,"publisher":{"@id":"https:\/\/jaleomadrid.com\/#organization"},"image":{"@id":"https:\/\/jaleomadrid.com\/la-feria-del-libro-se-despide-de-madrid\/#primaryimage"},"thumbnailUrl":"https:\/\/jaleomadrid.com\/wp-content\/uploads\/2023\/03\/madrid-g1da4d9ffb_1920.jpg","keywords":["feria del libro","libro","Madrid"],"articleSection":["Sin categor\u00eda"],"inLanguage":"de"},{"@type":["WebPage","ItemPage"],"@id":"https:\/\/jaleomadrid.com\/la-feria-del-libro-se-despide-de-madrid\/","url":"https:\/\/jaleomadrid.com\/la-feria-del-libro-se-despide-de-madrid\/","name":"La Feria del Libro se despide de Madrid","isPartOf":{"@id":"https:\/\/jaleomadrid.com\/#website"},"primaryImageOfPage":{"@id":"https:\/\/jaleomadrid.com\/la-feria-del-libro-se-despide-de-madrid\/#primaryimage"},"image":{"@id":"https:\/\/jaleomadrid.com\/la-feria-del-libro-se-despide-de-madrid\/#primaryimage"},"thumbnailUrl":"https:\/\/jaleomadrid.com\/wp-content\/uploads\/2023\/03\/madrid-g1da4d9ffb_1920.jpg","datePublished":"2022-06-08T16:41:07+00:00","dateModified":"2023-03-11T22:10:33+00:00","description":"Cada a\u00f1o las principales librer\u00edas, editoriales y autores se re\u00fanen en el parque del Retiro del Madrid en una gran fiesta que dura varias semanas.","breadcrumb":{"@id":"https:\/\/jaleomadrid.com\/la-feria-del-libro-se-despide-de-madrid\/#breadcrumb"},"inLanguage":"de","potentialAction":[{"@type":"ReadAction","target":["https:\/\/jaleomadrid.com\/la-feria-del-libro-se-despide-de-madrid\/"]}]},{"@type":"ImageObject","inLanguage":"de","@id":"https:\/\/jaleomadrid.com\/la-feria-del-libro-se-despide-de-madrid\/#primaryimage","url":"https:\/\/jaleomadrid.com\/wp-content\/uploads\/2023\/03\/madrid-g1da4d9ffb_1920.jpg","contentUrl":"https:\/\/jaleomadrid.com\/wp-content\/uploads\/2023\/03\/madrid-g1da4d9ffb_1920.jpg","width":1500,"height":844},{"@type":"BreadcrumbList","@id":"https:\/\/jaleomadrid.com\/la-feria-del-libro-se-despide-de-madrid\/#breadcrumb","itemListElement":[{"@type":"ListItem","position":1,"name":"Home","item":"https:\/\/jaleomadrid.com\/"},{"@type":"ListItem","position":2,"name":"Sin categor\u00eda","item":"https:\/\/jaleomadrid.com\/category\/sin-categoria\/"},{"@type":"ListItem","position":3,"name":"La Feria del Libro se despide de Madrid"}]},{"@type":"WebSite","@id":"https:\/\/jaleomadrid.com\/#website","url":"https:\/\/jaleomadrid.com\/","name":"Jaleo Madrid Spanisch Schule","description":"Eine von Spanischlehrern gegr\u00fcndete Spanischschule","publisher":{"@id":"https:\/\/jaleomadrid.com\/#organization"},"potentialAction":[{"@type":"SearchAction","target":{"@type":"EntryPoint","urlTemplate":"https:\/\/jaleomadrid.com\/?s={search_term_string}"},"query-input":{"@type":"PropertyValueSpecification","valueRequired":true,"valueName":"search_term_string"}}],"inLanguage":"de"},{"@type":"Organization","@id":"https:\/\/jaleomadrid.com\/#organization","name":"Jaleo Madrid Spanisch Schule","url":"https:\/\/jaleomadrid.com\/","logo":{"@type":"ImageObject","inLanguage":"de","@id":"https:\/\/jaleomadrid.com\/#\/schema\/logo\/image\/","url":"https:\/\/jaleomadrid.com\/wp-content\/uploads\/2023\/03\/logotipo-jaleo-madrid-spanish-school-square.jpg","contentUrl":"https:\/\/jaleomadrid.com\/wp-content\/uploads\/2023\/03\/logotipo-jaleo-madrid-spanish-school-square.jpg","width":1000,"height":1000,"caption":"Jaleo Madrid Spanish School"},"image":{"@id":"https:\/\/jaleomadrid.com\/#\/schema\/logo\/image\/"},"sameAs":["https:\/\/www.facebook.com\/JaleoMad","https:\/\/x.com\/Jaleo_Madrid","https:\/\/www.instagram.com\/jaleo_madrid\/","https:\/\/www.youtube.com\/channel\/UC7eSC6efjfRPuuawyJv-1mA"]},{"@type":"Person","@id":"https:\/\/jaleomadrid.com\/#\/schema\/person\/1aa4d134d7bd041edbadc70edafbadee","name":"JaleoMadrid","image":{"@type":"ImageObject","inLanguage":"de","@id":"https:\/\/secure.gravatar.com\/avatar\/058d5402d57882d5d77fc87b4ad4198b4c2366f88bf1fb134bec6a6c887ac70f?s=96&d=mm&r=g","url":"https:\/\/secure.gravatar.com\/avatar\/058d5402d57882d5d77fc87b4ad4198b4c2366f88bf1fb134bec6a6c887ac70f?s=96&d=mm&r=g","contentUrl":"https:\/\/secure.gravatar.com\/avatar\/058d5402d57882d5d77fc87b4ad4198b4c2366f88bf1fb134bec6a6c887ac70f?s=96&d=mm&r=g","caption":"JaleoMadrid"},"url":"https:\/\/jaleomadrid.com\/de\/author\/jaleomadrid\/"}]}},"_links":{"self":[{"href":"https:\/\/jaleomadrid.com\/de\/wp-json\/wp\/v2\/posts\/2741","targetHints":{"allow":["GET"]}}],"collection":[{"href":"https:\/\/jaleomadrid.com\/de\/wp-json\/wp\/v2\/posts"}],"about":[{"href":"https:\/\/jaleomadrid.com\/de\/wp-json\/wp\/v2\/types\/post"}],"author":[{"embeddable":true,"href":"https:\/\/jaleomadrid.com\/de\/wp-json\/wp\/v2\/users\/2"}],"replies":[{"embeddable":true,"href":"https:\/\/jaleomadrid.com\/de\/wp-json\/wp\/v2\/comments?post=2741"}],"version-history":[{"count":0,"href":"https:\/\/jaleomadrid.com\/de\/wp-json\/wp\/v2\/posts\/2741\/revisions"}],"wp:featuredmedia":[{"embeddable":true,"href":"https:\/\/jaleomadrid.com\/de\/wp-json\/wp\/v2\/media\/3087"}],"wp:attachment":[{"href":"https:\/\/jaleomadrid.com\/de\/wp-json\/wp\/v2\/media?parent=2741"}],"wp:term":[{"taxonomy":"category","embeddable":true,"href":"https:\/\/jaleomadrid.com\/de\/wp-json\/wp\/v2\/categories?post=2741"},{"taxonomy":"post_tag","embeddable":true,"href":"https:\/\/jaleomadrid.com\/de\/wp-json\/wp\/v2\/tags?post=2741"}],"curies":[{"name":"wp","href":"https:\/\/api.w.org\/{rel}","templated":true}]}}