{"id":1108,"date":"2020-04-14T15:10:48","date_gmt":"2020-04-14T14:10:48","guid":{"rendered":"https:\/\/antiguo.jaleomadrid.com\/?p=1108"},"modified":"2023-03-11T23:10:55","modified_gmt":"2023-03-11T22:10:55","slug":"viajar-en-el-tiempo-con-el-espanol-ahora-o-ahora-despues","status":"publish","type":"post","link":"https:\/\/jaleomadrid.com\/es\/viajar-en-el-tiempo-con-el-espanol-ahora-o-ahora-despues\/","title":{"rendered":"Viajar en el tiempo con el espa\u00f1ol (\u00bfahora o ahora despu\u00e9s?)"},"content":{"rendered":"<p>C\u00f3mo ordenamos el tiempo es una de las claves para entender un idioma.<strong> El tiempo tiene una posici\u00f3n en nuestras cabezas y est\u00e1 ordenado alrededor de nuestra lengua materna.<\/strong> Cuando tenemos que hacer el viaje para aprender un nuevo idioma, nos encontramos con la dificultad de saber d\u00f3nde y c\u00f3mo colocar ese tiempo. As\u00ed ocurre con algunas expresiones dif\u00edciles de entender en espa\u00f1ol, como algunas protagonizadas por \"luego\" y por \"ahora\".<\/p>\n<p>Como profesores de espa\u00f1ol intentamos guiar a los estudiantes a trav\u00e9s de nuestra visi\u00f3n cl\u00e1sica del pasado que queda atr\u00e1s y el futuro que se encuentra delante de nosotros. Sin embargo, cuando avanzamos, hay huecos del pasado y del futuro que muchas veces a nosotros mismos nos cuesta situar.<\/p>\n<p>De este modo, <strong>en M\u00e9xico podemos encontrarnos con la diferencia entre \"luego luego\" y \"luego\"<\/strong>. El primero se sit\u00faa antes en el tiempo que el segundo. Algo similar a lo que ocurre con <strong>\"ahora\" y \"ahora despu\u00e9s\"<\/strong>. El primero nos sit\u00faa en un periodo de tiempo m\u00e1s o menos inmediato, mientras que el segundo ser\u00eda la primera cosa que vamos a hacer despu\u00e9s de lo que estamos haciendo en este momento. Un nativo sabe que entre \"ahora recojo la mesa\" y \"ahora despu\u00e9s recojo la mesa\", hay una persona m\u00e1s activa y otra m\u00e1s procrastinadora.<\/p>\n<p>Tambi\u00e9n <strong>\"desde luego\"<\/strong> tiene cierto peligro para nuestros estudiantes m\u00e1s tiquismiquis. \u00bfC\u00f3mo es posible que esta afirmaci\u00f3n que nos habla aparentemente del tiempo signifique \"por supuesto\"? Aparentemente la etimolog\u00eda nos dice que primero significaba \"inmediatamente\" y, a partir de ah\u00ed, ya vino el significado actual. Algo similar ocurre con \"luego\" como sin\u00f3nimo de \"por lo tanto\", donde el aparente significado de \"despu\u00e9s\" no hace ninguna aparici\u00f3n.<\/p>\n<p>Incluso en las despedidas, luego tiene su importancia. De ah\u00ed que para el o\u00eddo suene m\u00e1s seco el \"adi\u00f3s\" que el \"hasta luego\", ya que este \u00faltimo suena m\u00e1s esperanzado. <strong>En el fondo nos promete que nos volveremos a ver.<\/strong><\/p>\n<p>Por este motivo, cada semana os decimos \"hasta luego\", con la idea de que nos encontremos la semana que viene en este blog. Si quer\u00e9is vernos antes, siempre pod\u00e9is contactar con nosotros a trav\u00e9s de las <a href=\"https:\/\/www.instagram.com\/jaleo_madrid\/\">redes sociales<\/a>.<\/p>","protected":false},"excerpt":{"rendered":"<p>C\u00f3mo ordenamos el tiempo es una de las claves para entender un idioma. El tiempo tiene una posici\u00f3n en nuestras cabezas y est\u00e1 ordenado alrededor de nuestra lengua materna. Cuando tenemos que hacer el viaje para aprender un nuevo idioma, nos encontramos con la dificultad de saber d\u00f3nde y c\u00f3mo colocar ese tiempo. As\u00ed ocurre [&hellip;]<\/p>\n","protected":false},"author":2,"featured_media":3028,"comment_status":"closed","ping_status":"open","sticky":false,"template":"","format":"standard","meta":{"inline_featured_image":false,"footnotes":""},"categories":[101],"tags":[162,163,145],"class_list":["post-1108","post","type-post","status-publish","format-standard","has-post-thumbnail","hentry","category-lost-in-translation","tag-ahora","tag-luego","tag-tiempo"],"yoast_head":"<!-- This site is optimized with the Yoast SEO plugin v27.5 - https:\/\/yoast.com\/product\/yoast-seo-wordpress\/ -->\n<title>Viajar en el tiempo con el espa\u00f1ol (\u00bfahora o ahora despu\u00e9s?)<\/title>\n<meta name=\"description\" content=\"C\u00f3mo ordenamos el tiempo es una de las claves para entender un idioma. El tiempo tiene una posici\u00f3n en nuestras cabezas, ordenado por la lengua materna.\" \/>\n<meta name=\"robots\" content=\"index, follow, max-snippet:-1, max-image-preview:large, max-video-preview:-1\" \/>\n<link rel=\"canonical\" href=\"https:\/\/jaleomadrid.com\/es\/viajar-en-el-tiempo-con-el-espanol-ahora-o-ahora-despues\/\" \/>\n<meta property=\"og:locale\" content=\"es_ES\" \/>\n<meta property=\"og:type\" content=\"article\" \/>\n<meta property=\"og:title\" content=\"Viajar en el tiempo con el espa\u00f1ol (\u00bfahora o ahora despu\u00e9s?)\" \/>\n<meta property=\"og:description\" content=\"C\u00f3mo ordenamos el tiempo es una de las claves para entender un idioma. El tiempo tiene una posici\u00f3n en nuestras cabezas, ordenado por la lengua materna.\" \/>\n<meta property=\"og:url\" content=\"https:\/\/jaleomadrid.com\/es\/viajar-en-el-tiempo-con-el-espanol-ahora-o-ahora-despues\/\" \/>\n<meta property=\"og:site_name\" content=\"Jaleo Madrid Spanish School\" \/>\n<meta property=\"article:publisher\" content=\"https:\/\/www.facebook.com\/JaleoMad\" \/>\n<meta property=\"article:published_time\" content=\"2020-04-14T14:10:48+00:00\" \/>\n<meta property=\"article:modified_time\" content=\"2023-03-11T22:10:55+00:00\" \/>\n<meta property=\"og:image\" content=\"https:\/\/jaleomadrid.com\/wp-content\/uploads\/2023\/03\/sales-4895556_1920.jpg\" \/>\n\t<meta property=\"og:image:width\" content=\"1920\" \/>\n\t<meta property=\"og:image:height\" content=\"1272\" \/>\n\t<meta property=\"og:image:type\" content=\"image\/jpeg\" \/>\n<meta name=\"author\" content=\"JaleoMadrid\" \/>\n<meta name=\"twitter:card\" content=\"summary_large_image\" \/>\n<meta name=\"twitter:creator\" content=\"@Jaleo_Madrid\" \/>\n<meta name=\"twitter:site\" content=\"@Jaleo_Madrid\" \/>\n<meta name=\"twitter:label1\" content=\"Escrito por\" \/>\n\t<meta name=\"twitter:data1\" content=\"JaleoMadrid\" \/>\n\t<meta name=\"twitter:label2\" content=\"Tiempo de lectura\" \/>\n\t<meta name=\"twitter:data2\" content=\"2 minutos\" \/>\n<script type=\"application\/ld+json\" class=\"yoast-schema-graph\">{\"@context\":\"https:\\\/\\\/schema.org\",\"@graph\":[{\"@type\":[\"Article\",\"BlogPosting\"],\"@id\":\"https:\\\/\\\/jaleomadrid.com\\\/viajar-en-el-tiempo-con-el-espanol-ahora-o-ahora-despues\\\/#article\",\"isPartOf\":{\"@id\":\"https:\\\/\\\/jaleomadrid.com\\\/viajar-en-el-tiempo-con-el-espanol-ahora-o-ahora-despues\\\/\"},\"author\":{\"name\":\"JaleoMadrid\",\"@id\":\"https:\\\/\\\/jaleomadrid.com\\\/#\\\/schema\\\/person\\\/1aa4d134d7bd041edbadc70edafbadee\"},\"headline\":\"Viajar en el tiempo con el espa\u00f1ol (\u00bfahora o ahora despu\u00e9s?)\",\"datePublished\":\"2020-04-14T14:10:48+00:00\",\"dateModified\":\"2023-03-11T22:10:55+00:00\",\"mainEntityOfPage\":{\"@id\":\"https:\\\/\\\/jaleomadrid.com\\\/viajar-en-el-tiempo-con-el-espanol-ahora-o-ahora-despues\\\/\"},\"wordCount\":408,\"publisher\":{\"@id\":\"https:\\\/\\\/jaleomadrid.com\\\/#organization\"},\"image\":{\"@id\":\"https:\\\/\\\/jaleomadrid.com\\\/viajar-en-el-tiempo-con-el-espanol-ahora-o-ahora-despues\\\/#primaryimage\"},\"thumbnailUrl\":\"https:\\\/\\\/jaleomadrid.com\\\/wp-content\\\/uploads\\\/2023\\\/03\\\/sales-4895556_1920.jpg\",\"keywords\":[\"ahora\",\"luego\",\"Tiempo\"],\"articleSection\":[\"Lost in Translation\"],\"inLanguage\":\"es\"},{\"@type\":[\"WebPage\",\"ItemPage\"],\"@id\":\"https:\\\/\\\/jaleomadrid.com\\\/viajar-en-el-tiempo-con-el-espanol-ahora-o-ahora-despues\\\/\",\"url\":\"https:\\\/\\\/jaleomadrid.com\\\/viajar-en-el-tiempo-con-el-espanol-ahora-o-ahora-despues\\\/\",\"name\":\"Viajar en el tiempo con el espa\u00f1ol (\u00bfahora o ahora despu\u00e9s?)\",\"isPartOf\":{\"@id\":\"https:\\\/\\\/jaleomadrid.com\\\/#website\"},\"primaryImageOfPage\":{\"@id\":\"https:\\\/\\\/jaleomadrid.com\\\/viajar-en-el-tiempo-con-el-espanol-ahora-o-ahora-despues\\\/#primaryimage\"},\"image\":{\"@id\":\"https:\\\/\\\/jaleomadrid.com\\\/viajar-en-el-tiempo-con-el-espanol-ahora-o-ahora-despues\\\/#primaryimage\"},\"thumbnailUrl\":\"https:\\\/\\\/jaleomadrid.com\\\/wp-content\\\/uploads\\\/2023\\\/03\\\/sales-4895556_1920.jpg\",\"datePublished\":\"2020-04-14T14:10:48+00:00\",\"dateModified\":\"2023-03-11T22:10:55+00:00\",\"description\":\"C\u00f3mo ordenamos el tiempo es una de las claves para entender un idioma. El tiempo tiene una posici\u00f3n en nuestras cabezas, ordenado por la lengua materna.\",\"breadcrumb\":{\"@id\":\"https:\\\/\\\/jaleomadrid.com\\\/viajar-en-el-tiempo-con-el-espanol-ahora-o-ahora-despues\\\/#breadcrumb\"},\"inLanguage\":\"es\",\"potentialAction\":[{\"@type\":\"ReadAction\",\"target\":[\"https:\\\/\\\/jaleomadrid.com\\\/viajar-en-el-tiempo-con-el-espanol-ahora-o-ahora-despues\\\/\"]}]},{\"@type\":\"ImageObject\",\"inLanguage\":\"es\",\"@id\":\"https:\\\/\\\/jaleomadrid.com\\\/viajar-en-el-tiempo-con-el-espanol-ahora-o-ahora-despues\\\/#primaryimage\",\"url\":\"https:\\\/\\\/jaleomadrid.com\\\/wp-content\\\/uploads\\\/2023\\\/03\\\/sales-4895556_1920.jpg\",\"contentUrl\":\"https:\\\/\\\/jaleomadrid.com\\\/wp-content\\\/uploads\\\/2023\\\/03\\\/sales-4895556_1920.jpg\",\"width\":1500,\"height\":994},{\"@type\":\"BreadcrumbList\",\"@id\":\"https:\\\/\\\/jaleomadrid.com\\\/viajar-en-el-tiempo-con-el-espanol-ahora-o-ahora-despues\\\/#breadcrumb\",\"itemListElement\":[{\"@type\":\"ListItem\",\"position\":1,\"name\":\"Home\",\"item\":\"https:\\\/\\\/jaleomadrid.com\\\/\"},{\"@type\":\"ListItem\",\"position\":2,\"name\":\"exam\",\"item\":\"https:\\\/\\\/jaleomadrid.com\\\/tag\\\/exam\\\/\"},{\"@type\":\"ListItem\",\"position\":3,\"name\":\"Viajar en el tiempo con el espa\u00f1ol (\u00bfahora o ahora despu\u00e9s?)\"}]},{\"@type\":\"WebSite\",\"@id\":\"https:\\\/\\\/jaleomadrid.com\\\/#website\",\"url\":\"https:\\\/\\\/jaleomadrid.com\\\/\",\"name\":\"Jaleo Madrid Spanish School\",\"description\":\"A Spanish School Founded by Spanish Teachers\",\"publisher\":{\"@id\":\"https:\\\/\\\/jaleomadrid.com\\\/#organization\"},\"potentialAction\":[{\"@type\":\"SearchAction\",\"target\":{\"@type\":\"EntryPoint\",\"urlTemplate\":\"https:\\\/\\\/jaleomadrid.com\\\/?s={search_term_string}\"},\"query-input\":{\"@type\":\"PropertyValueSpecification\",\"valueRequired\":true,\"valueName\":\"search_term_string\"}}],\"inLanguage\":\"es\"},{\"@type\":\"Organization\",\"@id\":\"https:\\\/\\\/jaleomadrid.com\\\/#organization\",\"name\":\"Jaleo Madrid Spanish School\",\"url\":\"https:\\\/\\\/jaleomadrid.com\\\/\",\"logo\":{\"@type\":\"ImageObject\",\"inLanguage\":\"es\",\"@id\":\"https:\\\/\\\/jaleomadrid.com\\\/#\\\/schema\\\/logo\\\/image\\\/\",\"url\":\"https:\\\/\\\/jaleomadrid.com\\\/wp-content\\\/uploads\\\/2023\\\/03\\\/logotipo-jaleo-madrid-spanish-school-square.jpg\",\"contentUrl\":\"https:\\\/\\\/jaleomadrid.com\\\/wp-content\\\/uploads\\\/2023\\\/03\\\/logotipo-jaleo-madrid-spanish-school-square.jpg\",\"width\":1000,\"height\":1000,\"caption\":\"Jaleo Madrid Spanish School\"},\"image\":{\"@id\":\"https:\\\/\\\/jaleomadrid.com\\\/#\\\/schema\\\/logo\\\/image\\\/\"},\"sameAs\":[\"https:\\\/\\\/www.facebook.com\\\/JaleoMad\",\"https:\\\/\\\/x.com\\\/Jaleo_Madrid\",\"https:\\\/\\\/www.instagram.com\\\/jaleo_madrid\\\/\",\"https:\\\/\\\/www.youtube.com\\\/channel\\\/UC7eSC6efjfRPuuawyJv-1mA\"]},{\"@type\":\"Person\",\"@id\":\"https:\\\/\\\/jaleomadrid.com\\\/#\\\/schema\\\/person\\\/1aa4d134d7bd041edbadc70edafbadee\",\"name\":\"JaleoMadrid\",\"image\":{\"@type\":\"ImageObject\",\"inLanguage\":\"es\",\"@id\":\"https:\\\/\\\/secure.gravatar.com\\\/avatar\\\/058d5402d57882d5d77fc87b4ad4198b4c2366f88bf1fb134bec6a6c887ac70f?s=96&d=mm&r=g\",\"url\":\"https:\\\/\\\/secure.gravatar.com\\\/avatar\\\/058d5402d57882d5d77fc87b4ad4198b4c2366f88bf1fb134bec6a6c887ac70f?s=96&d=mm&r=g\",\"contentUrl\":\"https:\\\/\\\/secure.gravatar.com\\\/avatar\\\/058d5402d57882d5d77fc87b4ad4198b4c2366f88bf1fb134bec6a6c887ac70f?s=96&d=mm&r=g\",\"caption\":\"JaleoMadrid\"},\"url\":\"https:\\\/\\\/jaleomadrid.com\\\/es\\\/author\\\/jaleomadrid\\\/\"}]}<\/script>\n<!-- \/ Yoast SEO plugin. -->","yoast_head_json":{"title":"Viajar en el tiempo con el espa\u00f1ol (\u00bfahora o ahora despu\u00e9s?)","description":"C\u00f3mo ordenamos el tiempo es una de las claves para entender un idioma. El tiempo tiene una posici\u00f3n en nuestras cabezas, ordenado por la lengua materna.","robots":{"index":"index","follow":"follow","max-snippet":"max-snippet:-1","max-image-preview":"max-image-preview:large","max-video-preview":"max-video-preview:-1"},"canonical":"https:\/\/jaleomadrid.com\/es\/viajar-en-el-tiempo-con-el-espanol-ahora-o-ahora-despues\/","og_locale":"es_ES","og_type":"article","og_title":"Viajar en el tiempo con el espa\u00f1ol (\u00bfahora o ahora despu\u00e9s?)","og_description":"C\u00f3mo ordenamos el tiempo es una de las claves para entender un idioma. El tiempo tiene una posici\u00f3n en nuestras cabezas, ordenado por la lengua materna.","og_url":"https:\/\/jaleomadrid.com\/es\/viajar-en-el-tiempo-con-el-espanol-ahora-o-ahora-despues\/","og_site_name":"Jaleo Madrid Spanish School","article_publisher":"https:\/\/www.facebook.com\/JaleoMad","article_published_time":"2020-04-14T14:10:48+00:00","article_modified_time":"2023-03-11T22:10:55+00:00","og_image":[{"width":1920,"height":1272,"url":"https:\/\/jaleomadrid.com\/wp-content\/uploads\/2023\/03\/sales-4895556_1920.jpg","type":"image\/jpeg"}],"author":"JaleoMadrid","twitter_card":"summary_large_image","twitter_creator":"@Jaleo_Madrid","twitter_site":"@Jaleo_Madrid","twitter_misc":{"Escrito por":"JaleoMadrid","Tiempo de lectura":"2 minutos"},"schema":{"@context":"https:\/\/schema.org","@graph":[{"@type":["Article","BlogPosting"],"@id":"https:\/\/jaleomadrid.com\/viajar-en-el-tiempo-con-el-espanol-ahora-o-ahora-despues\/#article","isPartOf":{"@id":"https:\/\/jaleomadrid.com\/viajar-en-el-tiempo-con-el-espanol-ahora-o-ahora-despues\/"},"author":{"name":"JaleoMadrid","@id":"https:\/\/jaleomadrid.com\/#\/schema\/person\/1aa4d134d7bd041edbadc70edafbadee"},"headline":"Viajar en el tiempo con el espa\u00f1ol (\u00bfahora o ahora despu\u00e9s?)","datePublished":"2020-04-14T14:10:48+00:00","dateModified":"2023-03-11T22:10:55+00:00","mainEntityOfPage":{"@id":"https:\/\/jaleomadrid.com\/viajar-en-el-tiempo-con-el-espanol-ahora-o-ahora-despues\/"},"wordCount":408,"publisher":{"@id":"https:\/\/jaleomadrid.com\/#organization"},"image":{"@id":"https:\/\/jaleomadrid.com\/viajar-en-el-tiempo-con-el-espanol-ahora-o-ahora-despues\/#primaryimage"},"thumbnailUrl":"https:\/\/jaleomadrid.com\/wp-content\/uploads\/2023\/03\/sales-4895556_1920.jpg","keywords":["ahora","luego","Tiempo"],"articleSection":["Lost in Translation"],"inLanguage":"es"},{"@type":["WebPage","ItemPage"],"@id":"https:\/\/jaleomadrid.com\/viajar-en-el-tiempo-con-el-espanol-ahora-o-ahora-despues\/","url":"https:\/\/jaleomadrid.com\/viajar-en-el-tiempo-con-el-espanol-ahora-o-ahora-despues\/","name":"Viajar en el tiempo con el espa\u00f1ol (\u00bfahora o ahora despu\u00e9s?)","isPartOf":{"@id":"https:\/\/jaleomadrid.com\/#website"},"primaryImageOfPage":{"@id":"https:\/\/jaleomadrid.com\/viajar-en-el-tiempo-con-el-espanol-ahora-o-ahora-despues\/#primaryimage"},"image":{"@id":"https:\/\/jaleomadrid.com\/viajar-en-el-tiempo-con-el-espanol-ahora-o-ahora-despues\/#primaryimage"},"thumbnailUrl":"https:\/\/jaleomadrid.com\/wp-content\/uploads\/2023\/03\/sales-4895556_1920.jpg","datePublished":"2020-04-14T14:10:48+00:00","dateModified":"2023-03-11T22:10:55+00:00","description":"C\u00f3mo ordenamos el tiempo es una de las claves para entender un idioma. El tiempo tiene una posici\u00f3n en nuestras cabezas, ordenado por la lengua materna.","breadcrumb":{"@id":"https:\/\/jaleomadrid.com\/viajar-en-el-tiempo-con-el-espanol-ahora-o-ahora-despues\/#breadcrumb"},"inLanguage":"es","potentialAction":[{"@type":"ReadAction","target":["https:\/\/jaleomadrid.com\/viajar-en-el-tiempo-con-el-espanol-ahora-o-ahora-despues\/"]}]},{"@type":"ImageObject","inLanguage":"es","@id":"https:\/\/jaleomadrid.com\/viajar-en-el-tiempo-con-el-espanol-ahora-o-ahora-despues\/#primaryimage","url":"https:\/\/jaleomadrid.com\/wp-content\/uploads\/2023\/03\/sales-4895556_1920.jpg","contentUrl":"https:\/\/jaleomadrid.com\/wp-content\/uploads\/2023\/03\/sales-4895556_1920.jpg","width":1500,"height":994},{"@type":"BreadcrumbList","@id":"https:\/\/jaleomadrid.com\/viajar-en-el-tiempo-con-el-espanol-ahora-o-ahora-despues\/#breadcrumb","itemListElement":[{"@type":"ListItem","position":1,"name":"Home","item":"https:\/\/jaleomadrid.com\/"},{"@type":"ListItem","position":2,"name":"exam","item":"https:\/\/jaleomadrid.com\/tag\/exam\/"},{"@type":"ListItem","position":3,"name":"Viajar en el tiempo con el espa\u00f1ol (\u00bfahora o ahora despu\u00e9s?)"}]},{"@type":"WebSite","@id":"https:\/\/jaleomadrid.com\/#website","url":"https:\/\/jaleomadrid.com\/","name":"Jaleo Madrid Escuela de Espa\u00f1ol","description":"Una escuela de espa\u00f1ol fundada por profesores de espa\u00f1ol","publisher":{"@id":"https:\/\/jaleomadrid.com\/#organization"},"potentialAction":[{"@type":"SearchAction","target":{"@type":"EntryPoint","urlTemplate":"https:\/\/jaleomadrid.com\/?s={search_term_string}"},"query-input":{"@type":"PropertyValueSpecification","valueRequired":true,"valueName":"search_term_string"}}],"inLanguage":"es"},{"@type":"Organization","@id":"https:\/\/jaleomadrid.com\/#organization","name":"Jaleo Madrid Escuela de Espa\u00f1ol","url":"https:\/\/jaleomadrid.com\/","logo":{"@type":"ImageObject","inLanguage":"es","@id":"https:\/\/jaleomadrid.com\/#\/schema\/logo\/image\/","url":"https:\/\/jaleomadrid.com\/wp-content\/uploads\/2023\/03\/logotipo-jaleo-madrid-spanish-school-square.jpg","contentUrl":"https:\/\/jaleomadrid.com\/wp-content\/uploads\/2023\/03\/logotipo-jaleo-madrid-spanish-school-square.jpg","width":1000,"height":1000,"caption":"Jaleo Madrid Spanish School"},"image":{"@id":"https:\/\/jaleomadrid.com\/#\/schema\/logo\/image\/"},"sameAs":["https:\/\/www.facebook.com\/JaleoMad","https:\/\/x.com\/Jaleo_Madrid","https:\/\/www.instagram.com\/jaleo_madrid\/","https:\/\/www.youtube.com\/channel\/UC7eSC6efjfRPuuawyJv-1mA"]},{"@type":"Person","@id":"https:\/\/jaleomadrid.com\/#\/schema\/person\/1aa4d134d7bd041edbadc70edafbadee","name":"JaleoMadrid","image":{"@type":"ImageObject","inLanguage":"es","@id":"https:\/\/secure.gravatar.com\/avatar\/058d5402d57882d5d77fc87b4ad4198b4c2366f88bf1fb134bec6a6c887ac70f?s=96&d=mm&r=g","url":"https:\/\/secure.gravatar.com\/avatar\/058d5402d57882d5d77fc87b4ad4198b4c2366f88bf1fb134bec6a6c887ac70f?s=96&d=mm&r=g","contentUrl":"https:\/\/secure.gravatar.com\/avatar\/058d5402d57882d5d77fc87b4ad4198b4c2366f88bf1fb134bec6a6c887ac70f?s=96&d=mm&r=g","caption":"JaleoMadrid"},"url":"https:\/\/jaleomadrid.com\/es\/author\/jaleomadrid\/"}]}},"_links":{"self":[{"href":"https:\/\/jaleomadrid.com\/es\/wp-json\/wp\/v2\/posts\/1108","targetHints":{"allow":["GET"]}}],"collection":[{"href":"https:\/\/jaleomadrid.com\/es\/wp-json\/wp\/v2\/posts"}],"about":[{"href":"https:\/\/jaleomadrid.com\/es\/wp-json\/wp\/v2\/types\/post"}],"author":[{"embeddable":true,"href":"https:\/\/jaleomadrid.com\/es\/wp-json\/wp\/v2\/users\/2"}],"replies":[{"embeddable":true,"href":"https:\/\/jaleomadrid.com\/es\/wp-json\/wp\/v2\/comments?post=1108"}],"version-history":[{"count":0,"href":"https:\/\/jaleomadrid.com\/es\/wp-json\/wp\/v2\/posts\/1108\/revisions"}],"wp:featuredmedia":[{"embeddable":true,"href":"https:\/\/jaleomadrid.com\/es\/wp-json\/wp\/v2\/media\/3028"}],"wp:attachment":[{"href":"https:\/\/jaleomadrid.com\/es\/wp-json\/wp\/v2\/media?parent=1108"}],"wp:term":[{"taxonomy":"category","embeddable":true,"href":"https:\/\/jaleomadrid.com\/es\/wp-json\/wp\/v2\/categories?post=1108"},{"taxonomy":"post_tag","embeddable":true,"href":"https:\/\/jaleomadrid.com\/es\/wp-json\/wp\/v2\/tags?post=1108"}],"curies":[{"name":"wp","href":"https:\/\/api.w.org\/{rel}","templated":true}]}}