{"id":1745,"date":"2020-01-28T16:28:00","date_gmt":"2020-01-28T15:28:00","guid":{"rendered":"https:\/\/antiguo.jaleomadrid.com\/?p=1044"},"modified":"2023-03-11T23:10:59","modified_gmt":"2023-03-11T22:10:59","slug":"cinco-expresiones-en-espanol-sobre-el-mal-tiempo","status":"publish","type":"post","link":"https:\/\/jaleomadrid.com\/es\/cinco-expresiones-en-espanol-sobre-el-mal-tiempo\/","title":{"rendered":"Cinco expresiones en espa\u00f1ol sobre el mal tiempo"},"content":{"rendered":"<p>Estos d\u00edas hemos vivido en Espa\u00f1a un temporal de fr\u00edo. Tanto nuestros estudiantes, como nosotros, los profes, hemos disfrutado m\u00e1s que nunca de los caf\u00e9s calentitos que nos tomamos en clase. Eso s\u00ed, todos nuestros alumnos nos han preguntado si se puede decir alguna expresi\u00f3n m\u00e1s all\u00e1 de \"hace mucho fr\u00edo\".<\/p>\n<ul>\n<li style=\"list-style-type: none;\">\n<ul>\n<li><strong>\"Hace un fr\u00edo negro\"<\/strong>: A las ocho de la ma\u00f1ana o a las diez de la noche estamos ante una de las frases m\u00e1s repetidas en Espa\u00f1a durante estos d\u00edas. Ese fr\u00edo que cala los huesos tiene este reflejo en nuestro lenguaje.<\/li>\n<li><strong>\"Hace un fr\u00edo que pela\"<\/strong>: Esta expresi\u00f3n puede ser que sea la segunda m\u00e1s repetida despu\u00e9s del \"fr\u00edo negro\". Si te has enfrentado a las temperaturas polares que hemos sufrido estos d\u00edas en Espa\u00f1a, estamos seguros de que esta frase tambi\u00e9n ha salido de tu boca.<\/li>\n<li><strong>\"Llevo m\u00e1s capas que una cebolla\"<\/strong>: Con tanto fr\u00edo es normal que cambiemos nuestra forma de vestirnos. Lo m\u00e1s f\u00e1cil para luchar contra el temporal es ponernos alguna camiseta o jersey extra. Pareceremos m\u00e1s gordos, pero eso no se deber\u00e1 a que hayamos comido demasiado turr\u00f3n, sino a la gran cantidad de capas que llevamos para no resfriarnos.<\/li>\n<li><strong>\"Llover a c\u00e1ntaros\"<\/strong>: En ingl\u00e9s y en otros idomas suele llover \"perros y gatos\", mientras que en espa\u00f1ol tambi\u00e9n suele hacer \"d\u00edas de perros\". El temporal 'Gloria' ha dejado en la pen\u00ednsula una gran cantidad de agua, y un mont\u00f3n de personas han exclamado mientras miraban por la ventana que \"est\u00e1 lloviendo a c\u00e1ntaros\".<\/li>\n<li><strong>\"Estar hecho un charco\"<\/strong>: Adem\u00e1s del fr\u00edo, el temporal nos ha tra\u00eddo lluvia a c\u00e1ntaros, como hemos visto en el anterior punto. Nuestros estudiantes se han visto sorprendidos por la lluvia cuando no llevaban paraguas y se han presentado en clase \"hechos un charco\" - o \"como una sopa\" -. Es decir muy mojados por el temporal.<\/li>\n<\/ul>\n<\/li>\n<\/ul>\n<p>Si quieres practicar estas expresiones, te esperamos en nuestros <a href=\"https:\/\/antiguo.jaleomadrid.com\/conversation-classes\/\">grupos de conversaci\u00f3n<\/a>. Si deseas m\u00e1s informaci\u00f3n, no dudes en contactar con nosotros a trav\u00e9s de <a href=\"https:\/\/antiguo.jaleomadrid.com\/contact\/\">este enlace<\/a>.<\/p>","protected":false},"excerpt":{"rendered":"<p>Estos d\u00edas hemos vivido en Espa\u00f1a un temporal de fr\u00edo. Tanto nuestros estudiantes, como nosotros, los profes, hemos disfrutado m\u00e1s que nunca de los caf\u00e9s calentitos que nos tomamos en clase. Eso s\u00ed, todos nuestros alumnos nos han preguntado si se puede decir alguna expresi\u00f3n m\u00e1s all\u00e1 de &#8220;hace mucho fr\u00edo&#8221;. &#8220;Hace un fr\u00edo negro&#8221;: [&hellip;]<\/p>\n","protected":false},"author":2,"featured_media":3017,"comment_status":"closed","ping_status":"open","sticky":false,"template":"","format":"standard","meta":{"inline_featured_image":false,"footnotes":""},"categories":[72],"tags":[142,143,144,145],"class_list":["post-1745","post","type-post","status-publish","format-standard","has-post-thumbnail","hentry","category-vocabulary","tag-expresiones","tag-frio","tag-lluvia","tag-tiempo"],"yoast_head":"<!-- This site is optimized with the Yoast SEO plugin v27.4 - https:\/\/yoast.com\/product\/yoast-seo-wordpress\/ -->\n<title>Cinco expresiones en espa\u00f1ol sobre el mal tiempo<\/title>\n<meta name=\"robots\" content=\"index, follow, max-snippet:-1, max-image-preview:large, max-video-preview:-1\" \/>\n<link rel=\"canonical\" href=\"https:\/\/jaleomadrid.com\/es\/cinco-expresiones-en-espanol-sobre-el-mal-tiempo\/\" \/>\n<meta property=\"og:locale\" content=\"es_ES\" \/>\n<meta property=\"og:type\" content=\"article\" \/>\n<meta property=\"og:title\" content=\"Cinco expresiones en espa\u00f1ol sobre el mal tiempo\" \/>\n<meta property=\"og:description\" content=\"Estos d\u00edas hemos vivido en Espa\u00f1a un temporal de fr\u00edo. Tanto nuestros estudiantes, como nosotros, los profes, hemos disfrutado m\u00e1s que nunca de los caf\u00e9s calentitos que nos tomamos en clase. Eso s\u00ed, todos nuestros alumnos nos han preguntado si se puede decir alguna expresi\u00f3n m\u00e1s all\u00e1 de &#8220;hace mucho fr\u00edo&#8221;. &#8220;Hace un fr\u00edo negro&#8221;: [&hellip;]\" \/>\n<meta property=\"og:url\" content=\"https:\/\/jaleomadrid.com\/es\/cinco-expresiones-en-espanol-sobre-el-mal-tiempo\/\" \/>\n<meta property=\"og:site_name\" content=\"Jaleo Madrid Spanish School\" \/>\n<meta property=\"article:publisher\" content=\"https:\/\/www.facebook.com\/JaleoMad\" \/>\n<meta property=\"article:published_time\" content=\"2020-01-28T15:28:00+00:00\" \/>\n<meta property=\"article:modified_time\" content=\"2023-03-11T22:10:59+00:00\" \/>\n<meta property=\"og:image\" content=\"https:\/\/jaleomadrid.com\/wp-content\/uploads\/2023\/03\/coffee-1711431_1920.jpg\" \/>\n\t<meta property=\"og:image:width\" content=\"1920\" \/>\n\t<meta property=\"og:image:height\" content=\"1079\" \/>\n\t<meta property=\"og:image:type\" content=\"image\/jpeg\" \/>\n<meta name=\"author\" content=\"JaleoMadrid\" \/>\n<meta name=\"twitter:card\" content=\"summary_large_image\" \/>\n<meta name=\"twitter:creator\" content=\"@Jaleo_Madrid\" \/>\n<meta name=\"twitter:site\" content=\"@Jaleo_Madrid\" \/>\n<meta name=\"twitter:label1\" content=\"Escrito por\" \/>\n\t<meta name=\"twitter:data1\" content=\"JaleoMadrid\" \/>\n\t<meta name=\"twitter:label2\" content=\"Tiempo de lectura\" \/>\n\t<meta name=\"twitter:data2\" content=\"2 minutos\" \/>\n<script type=\"application\/ld+json\" class=\"yoast-schema-graph\">{\"@context\":\"https:\\\/\\\/schema.org\",\"@graph\":[{\"@type\":[\"Article\",\"BlogPosting\"],\"@id\":\"https:\\\/\\\/jaleomadrid.com\\\/cinco-expresiones-en-espanol-sobre-el-mal-tiempo\\\/#article\",\"isPartOf\":{\"@id\":\"https:\\\/\\\/jaleomadrid.com\\\/cinco-expresiones-en-espanol-sobre-el-mal-tiempo\\\/\"},\"author\":{\"name\":\"JaleoMadrid\",\"@id\":\"https:\\\/\\\/jaleomadrid.com\\\/#\\\/schema\\\/person\\\/1aa4d134d7bd041edbadc70edafbadee\"},\"headline\":\"Cinco expresiones en espa\u00f1ol sobre el mal tiempo\",\"datePublished\":\"2020-01-28T15:28:00+00:00\",\"dateModified\":\"2023-03-11T22:10:59+00:00\",\"mainEntityOfPage\":{\"@id\":\"https:\\\/\\\/jaleomadrid.com\\\/cinco-expresiones-en-espanol-sobre-el-mal-tiempo\\\/\"},\"wordCount\":388,\"publisher\":{\"@id\":\"https:\\\/\\\/jaleomadrid.com\\\/#organization\"},\"image\":{\"@id\":\"https:\\\/\\\/jaleomadrid.com\\\/cinco-expresiones-en-espanol-sobre-el-mal-tiempo\\\/#primaryimage\"},\"thumbnailUrl\":\"https:\\\/\\\/jaleomadrid.com\\\/wp-content\\\/uploads\\\/2023\\\/03\\\/coffee-1711431_1920.jpg\",\"keywords\":[\"expresiones\",\"fr\u00edo\",\"lluvia\",\"Tiempo\"],\"articleSection\":[\"Vocabulary\"],\"inLanguage\":\"es\"},{\"@type\":[\"WebPage\",\"ItemPage\"],\"@id\":\"https:\\\/\\\/jaleomadrid.com\\\/cinco-expresiones-en-espanol-sobre-el-mal-tiempo\\\/\",\"url\":\"https:\\\/\\\/jaleomadrid.com\\\/cinco-expresiones-en-espanol-sobre-el-mal-tiempo\\\/\",\"name\":\"Cinco expresiones en espa\u00f1ol sobre el mal tiempo\",\"isPartOf\":{\"@id\":\"https:\\\/\\\/jaleomadrid.com\\\/#website\"},\"primaryImageOfPage\":{\"@id\":\"https:\\\/\\\/jaleomadrid.com\\\/cinco-expresiones-en-espanol-sobre-el-mal-tiempo\\\/#primaryimage\"},\"image\":{\"@id\":\"https:\\\/\\\/jaleomadrid.com\\\/cinco-expresiones-en-espanol-sobre-el-mal-tiempo\\\/#primaryimage\"},\"thumbnailUrl\":\"https:\\\/\\\/jaleomadrid.com\\\/wp-content\\\/uploads\\\/2023\\\/03\\\/coffee-1711431_1920.jpg\",\"datePublished\":\"2020-01-28T15:28:00+00:00\",\"dateModified\":\"2023-03-11T22:10:59+00:00\",\"breadcrumb\":{\"@id\":\"https:\\\/\\\/jaleomadrid.com\\\/cinco-expresiones-en-espanol-sobre-el-mal-tiempo\\\/#breadcrumb\"},\"inLanguage\":\"es\",\"potentialAction\":[{\"@type\":\"ReadAction\",\"target\":[\"https:\\\/\\\/jaleomadrid.com\\\/cinco-expresiones-en-espanol-sobre-el-mal-tiempo\\\/\"]}]},{\"@type\":\"ImageObject\",\"inLanguage\":\"es\",\"@id\":\"https:\\\/\\\/jaleomadrid.com\\\/cinco-expresiones-en-espanol-sobre-el-mal-tiempo\\\/#primaryimage\",\"url\":\"https:\\\/\\\/jaleomadrid.com\\\/wp-content\\\/uploads\\\/2023\\\/03\\\/coffee-1711431_1920.jpg\",\"contentUrl\":\"https:\\\/\\\/jaleomadrid.com\\\/wp-content\\\/uploads\\\/2023\\\/03\\\/coffee-1711431_1920.jpg\",\"width\":1500,\"height\":843},{\"@type\":\"BreadcrumbList\",\"@id\":\"https:\\\/\\\/jaleomadrid.com\\\/cinco-expresiones-en-espanol-sobre-el-mal-tiempo\\\/#breadcrumb\",\"itemListElement\":[{\"@type\":\"ListItem\",\"position\":1,\"name\":\"Home\",\"item\":\"https:\\\/\\\/jaleomadrid.com\\\/\"},{\"@type\":\"ListItem\",\"position\":2,\"name\":\"Vocabulary\",\"item\":\"https:\\\/\\\/jaleomadrid.com\\\/category\\\/vocabulary\\\/\"},{\"@type\":\"ListItem\",\"position\":3,\"name\":\"Cinco expresiones en espa\u00f1ol sobre el mal tiempo\"}]},{\"@type\":\"WebSite\",\"@id\":\"https:\\\/\\\/jaleomadrid.com\\\/#website\",\"url\":\"https:\\\/\\\/jaleomadrid.com\\\/\",\"name\":\"Jaleo Madrid Spanish School\",\"description\":\"A Spanish School Founded by Spanish Teachers\",\"publisher\":{\"@id\":\"https:\\\/\\\/jaleomadrid.com\\\/#organization\"},\"potentialAction\":[{\"@type\":\"SearchAction\",\"target\":{\"@type\":\"EntryPoint\",\"urlTemplate\":\"https:\\\/\\\/jaleomadrid.com\\\/?s={search_term_string}\"},\"query-input\":{\"@type\":\"PropertyValueSpecification\",\"valueRequired\":true,\"valueName\":\"search_term_string\"}}],\"inLanguage\":\"es\"},{\"@type\":\"Organization\",\"@id\":\"https:\\\/\\\/jaleomadrid.com\\\/#organization\",\"name\":\"Jaleo Madrid Spanish School\",\"url\":\"https:\\\/\\\/jaleomadrid.com\\\/\",\"logo\":{\"@type\":\"ImageObject\",\"inLanguage\":\"es\",\"@id\":\"https:\\\/\\\/jaleomadrid.com\\\/#\\\/schema\\\/logo\\\/image\\\/\",\"url\":\"https:\\\/\\\/jaleomadrid.com\\\/wp-content\\\/uploads\\\/2023\\\/03\\\/logotipo-jaleo-madrid-spanish-school-square.jpg\",\"contentUrl\":\"https:\\\/\\\/jaleomadrid.com\\\/wp-content\\\/uploads\\\/2023\\\/03\\\/logotipo-jaleo-madrid-spanish-school-square.jpg\",\"width\":1000,\"height\":1000,\"caption\":\"Jaleo Madrid Spanish School\"},\"image\":{\"@id\":\"https:\\\/\\\/jaleomadrid.com\\\/#\\\/schema\\\/logo\\\/image\\\/\"},\"sameAs\":[\"https:\\\/\\\/www.facebook.com\\\/JaleoMad\",\"https:\\\/\\\/x.com\\\/Jaleo_Madrid\",\"https:\\\/\\\/www.instagram.com\\\/jaleo_madrid\\\/\",\"https:\\\/\\\/www.youtube.com\\\/channel\\\/UC7eSC6efjfRPuuawyJv-1mA\"]},{\"@type\":\"Person\",\"@id\":\"https:\\\/\\\/jaleomadrid.com\\\/#\\\/schema\\\/person\\\/1aa4d134d7bd041edbadc70edafbadee\",\"name\":\"JaleoMadrid\",\"image\":{\"@type\":\"ImageObject\",\"inLanguage\":\"es\",\"@id\":\"https:\\\/\\\/secure.gravatar.com\\\/avatar\\\/058d5402d57882d5d77fc87b4ad4198b4c2366f88bf1fb134bec6a6c887ac70f?s=96&d=mm&r=g\",\"url\":\"https:\\\/\\\/secure.gravatar.com\\\/avatar\\\/058d5402d57882d5d77fc87b4ad4198b4c2366f88bf1fb134bec6a6c887ac70f?s=96&d=mm&r=g\",\"contentUrl\":\"https:\\\/\\\/secure.gravatar.com\\\/avatar\\\/058d5402d57882d5d77fc87b4ad4198b4c2366f88bf1fb134bec6a6c887ac70f?s=96&d=mm&r=g\",\"caption\":\"JaleoMadrid\"},\"url\":\"https:\\\/\\\/jaleomadrid.com\\\/es\\\/author\\\/jaleomadrid\\\/\"}]}<\/script>\n<!-- \/ Yoast SEO plugin. -->","yoast_head_json":{"title":"Cinco expresiones en espa\u00f1ol sobre el mal tiempo","robots":{"index":"index","follow":"follow","max-snippet":"max-snippet:-1","max-image-preview":"max-image-preview:large","max-video-preview":"max-video-preview:-1"},"canonical":"https:\/\/jaleomadrid.com\/es\/cinco-expresiones-en-espanol-sobre-el-mal-tiempo\/","og_locale":"es_ES","og_type":"article","og_title":"Cinco expresiones en espa\u00f1ol sobre el mal tiempo","og_description":"Estos d\u00edas hemos vivido en Espa\u00f1a un temporal de fr\u00edo. Tanto nuestros estudiantes, como nosotros, los profes, hemos disfrutado m\u00e1s que nunca de los caf\u00e9s calentitos que nos tomamos en clase. Eso s\u00ed, todos nuestros alumnos nos han preguntado si se puede decir alguna expresi\u00f3n m\u00e1s all\u00e1 de &#8220;hace mucho fr\u00edo&#8221;. &#8220;Hace un fr\u00edo negro&#8221;: [&hellip;]","og_url":"https:\/\/jaleomadrid.com\/es\/cinco-expresiones-en-espanol-sobre-el-mal-tiempo\/","og_site_name":"Jaleo Madrid Spanish School","article_publisher":"https:\/\/www.facebook.com\/JaleoMad","article_published_time":"2020-01-28T15:28:00+00:00","article_modified_time":"2023-03-11T22:10:59+00:00","og_image":[{"width":1920,"height":1079,"url":"https:\/\/jaleomadrid.com\/wp-content\/uploads\/2023\/03\/coffee-1711431_1920.jpg","type":"image\/jpeg"}],"author":"JaleoMadrid","twitter_card":"summary_large_image","twitter_creator":"@Jaleo_Madrid","twitter_site":"@Jaleo_Madrid","twitter_misc":{"Escrito por":"JaleoMadrid","Tiempo de lectura":"2 minutos"},"schema":{"@context":"https:\/\/schema.org","@graph":[{"@type":["Article","BlogPosting"],"@id":"https:\/\/jaleomadrid.com\/cinco-expresiones-en-espanol-sobre-el-mal-tiempo\/#article","isPartOf":{"@id":"https:\/\/jaleomadrid.com\/cinco-expresiones-en-espanol-sobre-el-mal-tiempo\/"},"author":{"name":"JaleoMadrid","@id":"https:\/\/jaleomadrid.com\/#\/schema\/person\/1aa4d134d7bd041edbadc70edafbadee"},"headline":"Cinco expresiones en espa\u00f1ol sobre el mal tiempo","datePublished":"2020-01-28T15:28:00+00:00","dateModified":"2023-03-11T22:10:59+00:00","mainEntityOfPage":{"@id":"https:\/\/jaleomadrid.com\/cinco-expresiones-en-espanol-sobre-el-mal-tiempo\/"},"wordCount":388,"publisher":{"@id":"https:\/\/jaleomadrid.com\/#organization"},"image":{"@id":"https:\/\/jaleomadrid.com\/cinco-expresiones-en-espanol-sobre-el-mal-tiempo\/#primaryimage"},"thumbnailUrl":"https:\/\/jaleomadrid.com\/wp-content\/uploads\/2023\/03\/coffee-1711431_1920.jpg","keywords":["expresiones","fr\u00edo","lluvia","Tiempo"],"articleSection":["Vocabulary"],"inLanguage":"es"},{"@type":["WebPage","ItemPage"],"@id":"https:\/\/jaleomadrid.com\/cinco-expresiones-en-espanol-sobre-el-mal-tiempo\/","url":"https:\/\/jaleomadrid.com\/cinco-expresiones-en-espanol-sobre-el-mal-tiempo\/","name":"Cinco expresiones en espa\u00f1ol sobre el mal tiempo","isPartOf":{"@id":"https:\/\/jaleomadrid.com\/#website"},"primaryImageOfPage":{"@id":"https:\/\/jaleomadrid.com\/cinco-expresiones-en-espanol-sobre-el-mal-tiempo\/#primaryimage"},"image":{"@id":"https:\/\/jaleomadrid.com\/cinco-expresiones-en-espanol-sobre-el-mal-tiempo\/#primaryimage"},"thumbnailUrl":"https:\/\/jaleomadrid.com\/wp-content\/uploads\/2023\/03\/coffee-1711431_1920.jpg","datePublished":"2020-01-28T15:28:00+00:00","dateModified":"2023-03-11T22:10:59+00:00","breadcrumb":{"@id":"https:\/\/jaleomadrid.com\/cinco-expresiones-en-espanol-sobre-el-mal-tiempo\/#breadcrumb"},"inLanguage":"es","potentialAction":[{"@type":"ReadAction","target":["https:\/\/jaleomadrid.com\/cinco-expresiones-en-espanol-sobre-el-mal-tiempo\/"]}]},{"@type":"ImageObject","inLanguage":"es","@id":"https:\/\/jaleomadrid.com\/cinco-expresiones-en-espanol-sobre-el-mal-tiempo\/#primaryimage","url":"https:\/\/jaleomadrid.com\/wp-content\/uploads\/2023\/03\/coffee-1711431_1920.jpg","contentUrl":"https:\/\/jaleomadrid.com\/wp-content\/uploads\/2023\/03\/coffee-1711431_1920.jpg","width":1500,"height":843},{"@type":"BreadcrumbList","@id":"https:\/\/jaleomadrid.com\/cinco-expresiones-en-espanol-sobre-el-mal-tiempo\/#breadcrumb","itemListElement":[{"@type":"ListItem","position":1,"name":"Home","item":"https:\/\/jaleomadrid.com\/"},{"@type":"ListItem","position":2,"name":"Vocabulary","item":"https:\/\/jaleomadrid.com\/category\/vocabulary\/"},{"@type":"ListItem","position":3,"name":"Cinco expresiones en espa\u00f1ol sobre el mal tiempo"}]},{"@type":"WebSite","@id":"https:\/\/jaleomadrid.com\/#website","url":"https:\/\/jaleomadrid.com\/","name":"Jaleo Madrid Escuela de Espa\u00f1ol","description":"Una escuela de espa\u00f1ol fundada por profesores de espa\u00f1ol","publisher":{"@id":"https:\/\/jaleomadrid.com\/#organization"},"potentialAction":[{"@type":"SearchAction","target":{"@type":"EntryPoint","urlTemplate":"https:\/\/jaleomadrid.com\/?s={search_term_string}"},"query-input":{"@type":"PropertyValueSpecification","valueRequired":true,"valueName":"search_term_string"}}],"inLanguage":"es"},{"@type":"Organization","@id":"https:\/\/jaleomadrid.com\/#organization","name":"Jaleo Madrid Escuela de Espa\u00f1ol","url":"https:\/\/jaleomadrid.com\/","logo":{"@type":"ImageObject","inLanguage":"es","@id":"https:\/\/jaleomadrid.com\/#\/schema\/logo\/image\/","url":"https:\/\/jaleomadrid.com\/wp-content\/uploads\/2023\/03\/logotipo-jaleo-madrid-spanish-school-square.jpg","contentUrl":"https:\/\/jaleomadrid.com\/wp-content\/uploads\/2023\/03\/logotipo-jaleo-madrid-spanish-school-square.jpg","width":1000,"height":1000,"caption":"Jaleo Madrid Spanish School"},"image":{"@id":"https:\/\/jaleomadrid.com\/#\/schema\/logo\/image\/"},"sameAs":["https:\/\/www.facebook.com\/JaleoMad","https:\/\/x.com\/Jaleo_Madrid","https:\/\/www.instagram.com\/jaleo_madrid\/","https:\/\/www.youtube.com\/channel\/UC7eSC6efjfRPuuawyJv-1mA"]},{"@type":"Person","@id":"https:\/\/jaleomadrid.com\/#\/schema\/person\/1aa4d134d7bd041edbadc70edafbadee","name":"JaleoMadrid","image":{"@type":"ImageObject","inLanguage":"es","@id":"https:\/\/secure.gravatar.com\/avatar\/058d5402d57882d5d77fc87b4ad4198b4c2366f88bf1fb134bec6a6c887ac70f?s=96&d=mm&r=g","url":"https:\/\/secure.gravatar.com\/avatar\/058d5402d57882d5d77fc87b4ad4198b4c2366f88bf1fb134bec6a6c887ac70f?s=96&d=mm&r=g","contentUrl":"https:\/\/secure.gravatar.com\/avatar\/058d5402d57882d5d77fc87b4ad4198b4c2366f88bf1fb134bec6a6c887ac70f?s=96&d=mm&r=g","caption":"JaleoMadrid"},"url":"https:\/\/jaleomadrid.com\/es\/author\/jaleomadrid\/"}]}},"_links":{"self":[{"href":"https:\/\/jaleomadrid.com\/es\/wp-json\/wp\/v2\/posts\/1745","targetHints":{"allow":["GET"]}}],"collection":[{"href":"https:\/\/jaleomadrid.com\/es\/wp-json\/wp\/v2\/posts"}],"about":[{"href":"https:\/\/jaleomadrid.com\/es\/wp-json\/wp\/v2\/types\/post"}],"author":[{"embeddable":true,"href":"https:\/\/jaleomadrid.com\/es\/wp-json\/wp\/v2\/users\/2"}],"replies":[{"embeddable":true,"href":"https:\/\/jaleomadrid.com\/es\/wp-json\/wp\/v2\/comments?post=1745"}],"version-history":[{"count":0,"href":"https:\/\/jaleomadrid.com\/es\/wp-json\/wp\/v2\/posts\/1745\/revisions"}],"wp:featuredmedia":[{"embeddable":true,"href":"https:\/\/jaleomadrid.com\/es\/wp-json\/wp\/v2\/media\/3017"}],"wp:attachment":[{"href":"https:\/\/jaleomadrid.com\/es\/wp-json\/wp\/v2\/media?parent=1745"}],"wp:term":[{"taxonomy":"category","embeddable":true,"href":"https:\/\/jaleomadrid.com\/es\/wp-json\/wp\/v2\/categories?post=1745"},{"taxonomy":"post_tag","embeddable":true,"href":"https:\/\/jaleomadrid.com\/es\/wp-json\/wp\/v2\/tags?post=1745"}],"curies":[{"name":"wp","href":"https:\/\/api.w.org\/{rel}","templated":true}]}}