{"id":1995,"date":"2021-05-05T17:00:34","date_gmt":"2021-05-05T16:00:34","guid":{"rendered":"https:\/\/antiguo.jaleomadrid.com\/?p=1995"},"modified":"2023-03-11T23:10:44","modified_gmt":"2023-03-11T22:10:44","slug":"jaleo-madrid-cumple-dos-anos-y-nos-regalamos-una-nueva-socia","status":"publish","type":"post","link":"https:\/\/jaleomadrid.com\/es\/jaleo-madrid-cumple-dos-anos-y-nos-regalamos-una-nueva-socia\/","title":{"rendered":"Jaleo Madrid cumple dos a\u00f1os y nos regalamos una nueva sociedad"},"content":{"rendered":"<p>Algo bueno de Jaleo es que nuestra escuela no tiene un \u00fanico cumplea\u00f1os. En nuestra cabeza tenemos el registro del nombre en las redes sociales, cuando nos llevaron a firmar el vig\u00e9simo quinto papel, cuando abrimos la web... y, claro, el aniversario de cuando cerramos -forzosamente- nuestra anterior etapa laboral.<\/p>\n<p>Precisamente, en abril se cumpli\u00f3 el segundo aniversario de este hecho. <strong>Han pasado ya veinticuatro meses desde que salimos oficialmente del armario laboral y la verdad es que no podemos estar m\u00e1s contentos<\/strong>. Hemos conseguido resistir, aumentar nuestro n\u00famero de estudiantes y crecer tanto a nivel laboral como personal. Jam\u00e1s hab\u00edamos aprendido tanto.<\/p>\n<p>Aunque nuestra idea es la de estar en contacto personal con el estudiante, la mitad de nuestro camino ha sido a trav\u00e9s de una pantalla. Afortunadamente, el cari\u00f1o de nuestros alumnos ha aumentado estos meses y se puede ver reflejado en <a href=\"https:\/\/www.google.com\/search?channel=fs&amp;client=ubuntu&amp;q=jaleo+madrid+reviews#lrd=0xd422f0673a5f3c5:0xc4326b9bd62d1699,1,,,\">cada una de las rese\u00f1as que nos han ido dejando durante este tiempo<\/a>. Leerlas nos hace aumentar las ganas de abrazarlos en cuanto podamos volver a la normalidad.<\/p>\n<p>A pesar de que nuestro cumple fue el mes pasado, hemos querido esperar un poquito m\u00e1s para anunciaros una noticia. Es complicado en estos tiempos, pero hemos decidido aumentar la familia. A partir de esta semana no somos tres profesores, sino cuatro. <strong>Aumentamos la familia de la cooperativa con una nueva socia: Susana<\/strong>.<\/p>\n<p>Aunque vosotros no la conozc\u00e1is, <strong>Susana tiene una grand\u00edsima experiencia como profesora de espa\u00f1ol<\/strong>. Adem\u00e1s, en nuestros momentos m\u00e1s oscuros siempre nos ha iluminado con su apoyo. Por estos motivos, la hemos convencido de que se suba a nuestra c\u00e1scara de nuez a navegar con nosotros para lograr que esta profesi\u00f3n sea digna y no s\u00f3lo un motivo de lucro para gente que no sabe ni la diferencia entre el indicativo y el subjuntivo.<\/p>\n<p>No quer\u00edamos terminar este post sin daros las gracias a todos los que nos hab\u00e9is ayudado de una manera u otra. Sois tantos que necesitar\u00edamos un libro para hacerlo. Muchas gracias y os esperamos por aqu\u00ed para nuestro tercer cumplea\u00f1os.<\/p>","protected":false},"excerpt":{"rendered":"<p>Algo bueno de Jaleo es que nuestra escuela no tiene un \u00fanico cumplea\u00f1os. En nuestra cabeza tenemos el registro del nombre en las redes sociales, cuando nos llevaron a firmar el vig\u00e9simo quinto papel, cuando abrimos la web&#8230; y, claro, el aniversario de cuando cerramos &#8211; forzosamente &#8211; nuestra anterior etapa laboral. Precisamente, en abril [&hellip;]<\/p>\n","protected":false},"author":2,"featured_media":3060,"comment_status":"closed","ping_status":"open","sticky":false,"template":"","format":"standard","meta":{"inline_featured_image":false,"footnotes":""},"categories":[136],"tags":[203,115,204],"class_list":["post-1995","post","type-post","status-publish","format-standard","has-post-thumbnail","hentry","category-classes","tag-escuela","tag-jaleo","tag-socia"],"yoast_head":"<!-- This site is optimized with the Yoast SEO plugin v27.5 - https:\/\/yoast.com\/product\/yoast-seo-wordpress\/ -->\n<title>Jaleo Madrid cumple dos a\u00f1os y nos regalamos una nueva socia<\/title>\n<meta name=\"description\" content=\"Han pasado ya veinticuatro meses desde que salimos oficialmente del armario laboral y la verdad es que no podemos estar m\u00e1s contentos.\" \/>\n<meta name=\"robots\" content=\"index, follow, max-snippet:-1, max-image-preview:large, max-video-preview:-1\" \/>\n<link rel=\"canonical\" href=\"https:\/\/jaleomadrid.com\/es\/jaleo-madrid-cumple-dos-anos-y-nos-regalamos-una-nueva-socia\/\" \/>\n<meta property=\"og:locale\" content=\"es_ES\" \/>\n<meta property=\"og:type\" content=\"article\" \/>\n<meta property=\"og:title\" content=\"Jaleo Madrid cumple dos a\u00f1os y nos regalamos una nueva socia\" \/>\n<meta property=\"og:description\" content=\"Han pasado ya veinticuatro meses desde que salimos oficialmente del armario laboral y la verdad es que no podemos estar m\u00e1s contentos.\" \/>\n<meta property=\"og:url\" content=\"https:\/\/jaleomadrid.com\/es\/jaleo-madrid-cumple-dos-anos-y-nos-regalamos-una-nueva-socia\/\" \/>\n<meta property=\"og:site_name\" content=\"Jaleo Madrid Spanish School\" \/>\n<meta property=\"article:publisher\" content=\"https:\/\/www.facebook.com\/JaleoMad\" \/>\n<meta property=\"article:published_time\" content=\"2021-05-05T16:00:34+00:00\" \/>\n<meta property=\"article:modified_time\" content=\"2023-03-11T22:10:44+00:00\" \/>\n<meta property=\"og:image\" content=\"https:\/\/jaleomadrid.com\/wp-content\/uploads\/2023\/03\/jaleo_madrid_dos.jpg\" \/>\n\t<meta property=\"og:image:width\" content=\"1920\" \/>\n\t<meta property=\"og:image:height\" content=\"1280\" \/>\n\t<meta property=\"og:image:type\" content=\"image\/jpeg\" \/>\n<meta name=\"author\" content=\"JaleoMadrid\" \/>\n<meta name=\"twitter:card\" content=\"summary_large_image\" \/>\n<meta name=\"twitter:creator\" content=\"@Jaleo_Madrid\" \/>\n<meta name=\"twitter:site\" content=\"@Jaleo_Madrid\" \/>\n<meta name=\"twitter:label1\" content=\"Escrito por\" \/>\n\t<meta name=\"twitter:data1\" content=\"JaleoMadrid\" \/>\n\t<meta name=\"twitter:label2\" content=\"Tiempo de lectura\" \/>\n\t<meta name=\"twitter:data2\" content=\"2 minutos\" \/>\n<script type=\"application\/ld+json\" class=\"yoast-schema-graph\">{\"@context\":\"https:\\\/\\\/schema.org\",\"@graph\":[{\"@type\":[\"Article\",\"BlogPosting\"],\"@id\":\"https:\\\/\\\/jaleomadrid.com\\\/jaleo-madrid-cumple-dos-anos-y-nos-regalamos-una-nueva-socia\\\/#article\",\"isPartOf\":{\"@id\":\"https:\\\/\\\/jaleomadrid.com\\\/jaleo-madrid-cumple-dos-anos-y-nos-regalamos-una-nueva-socia\\\/\"},\"author\":{\"name\":\"JaleoMadrid\",\"@id\":\"https:\\\/\\\/jaleomadrid.com\\\/#\\\/schema\\\/person\\\/1aa4d134d7bd041edbadc70edafbadee\"},\"headline\":\"Jaleo Madrid cumple dos a\u00f1os y nos regalamos una nueva socia\",\"datePublished\":\"2021-05-05T16:00:34+00:00\",\"dateModified\":\"2023-03-11T22:10:44+00:00\",\"mainEntityOfPage\":{\"@id\":\"https:\\\/\\\/jaleomadrid.com\\\/jaleo-madrid-cumple-dos-anos-y-nos-regalamos-una-nueva-socia\\\/\"},\"wordCount\":375,\"publisher\":{\"@id\":\"https:\\\/\\\/jaleomadrid.com\\\/#organization\"},\"image\":{\"@id\":\"https:\\\/\\\/jaleomadrid.com\\\/jaleo-madrid-cumple-dos-anos-y-nos-regalamos-una-nueva-socia\\\/#primaryimage\"},\"thumbnailUrl\":\"https:\\\/\\\/jaleomadrid.com\\\/wp-content\\\/uploads\\\/2023\\\/03\\\/jaleo_madrid_dos.jpg\",\"keywords\":[\"escuela\",\"jaleo\",\"socia\"],\"articleSection\":[\"Classes\"],\"inLanguage\":\"es\"},{\"@type\":[\"WebPage\",\"ItemPage\"],\"@id\":\"https:\\\/\\\/jaleomadrid.com\\\/jaleo-madrid-cumple-dos-anos-y-nos-regalamos-una-nueva-socia\\\/\",\"url\":\"https:\\\/\\\/jaleomadrid.com\\\/jaleo-madrid-cumple-dos-anos-y-nos-regalamos-una-nueva-socia\\\/\",\"name\":\"Jaleo Madrid cumple dos a\u00f1os y nos regalamos una nueva socia\",\"isPartOf\":{\"@id\":\"https:\\\/\\\/jaleomadrid.com\\\/#website\"},\"primaryImageOfPage\":{\"@id\":\"https:\\\/\\\/jaleomadrid.com\\\/jaleo-madrid-cumple-dos-anos-y-nos-regalamos-una-nueva-socia\\\/#primaryimage\"},\"image\":{\"@id\":\"https:\\\/\\\/jaleomadrid.com\\\/jaleo-madrid-cumple-dos-anos-y-nos-regalamos-una-nueva-socia\\\/#primaryimage\"},\"thumbnailUrl\":\"https:\\\/\\\/jaleomadrid.com\\\/wp-content\\\/uploads\\\/2023\\\/03\\\/jaleo_madrid_dos.jpg\",\"datePublished\":\"2021-05-05T16:00:34+00:00\",\"dateModified\":\"2023-03-11T22:10:44+00:00\",\"description\":\"Han pasado ya veinticuatro meses desde que salimos oficialmente del armario laboral y la verdad es que no podemos estar m\u00e1s contentos.\",\"breadcrumb\":{\"@id\":\"https:\\\/\\\/jaleomadrid.com\\\/jaleo-madrid-cumple-dos-anos-y-nos-regalamos-una-nueva-socia\\\/#breadcrumb\"},\"inLanguage\":\"es\",\"potentialAction\":[{\"@type\":\"ReadAction\",\"target\":[\"https:\\\/\\\/jaleomadrid.com\\\/jaleo-madrid-cumple-dos-anos-y-nos-regalamos-una-nueva-socia\\\/\"]}]},{\"@type\":\"ImageObject\",\"inLanguage\":\"es\",\"@id\":\"https:\\\/\\\/jaleomadrid.com\\\/jaleo-madrid-cumple-dos-anos-y-nos-regalamos-una-nueva-socia\\\/#primaryimage\",\"url\":\"https:\\\/\\\/jaleomadrid.com\\\/wp-content\\\/uploads\\\/2023\\\/03\\\/jaleo_madrid_dos.jpg\",\"contentUrl\":\"https:\\\/\\\/jaleomadrid.com\\\/wp-content\\\/uploads\\\/2023\\\/03\\\/jaleo_madrid_dos.jpg\",\"width\":1500,\"height\":1000},{\"@type\":\"BreadcrumbList\",\"@id\":\"https:\\\/\\\/jaleomadrid.com\\\/jaleo-madrid-cumple-dos-anos-y-nos-regalamos-una-nueva-socia\\\/#breadcrumb\",\"itemListElement\":[{\"@type\":\"ListItem\",\"position\":1,\"name\":\"Home\",\"item\":\"https:\\\/\\\/jaleomadrid.com\\\/\"},{\"@type\":\"ListItem\",\"position\":2,\"name\":\"jaleo\",\"item\":\"https:\\\/\\\/jaleomadrid.com\\\/es\\\/tag\\\/jaleo\\\/\"},{\"@type\":\"ListItem\",\"position\":3,\"name\":\"Jaleo Madrid cumple dos a\u00f1os y nos regalamos una nueva socia\"}]},{\"@type\":\"WebSite\",\"@id\":\"https:\\\/\\\/jaleomadrid.com\\\/#website\",\"url\":\"https:\\\/\\\/jaleomadrid.com\\\/\",\"name\":\"Jaleo Madrid Spanish School\",\"description\":\"A Spanish School Founded by Spanish Teachers\",\"publisher\":{\"@id\":\"https:\\\/\\\/jaleomadrid.com\\\/#organization\"},\"potentialAction\":[{\"@type\":\"SearchAction\",\"target\":{\"@type\":\"EntryPoint\",\"urlTemplate\":\"https:\\\/\\\/jaleomadrid.com\\\/?s={search_term_string}\"},\"query-input\":{\"@type\":\"PropertyValueSpecification\",\"valueRequired\":true,\"valueName\":\"search_term_string\"}}],\"inLanguage\":\"es\"},{\"@type\":\"Organization\",\"@id\":\"https:\\\/\\\/jaleomadrid.com\\\/#organization\",\"name\":\"Jaleo Madrid Spanish School\",\"url\":\"https:\\\/\\\/jaleomadrid.com\\\/\",\"logo\":{\"@type\":\"ImageObject\",\"inLanguage\":\"es\",\"@id\":\"https:\\\/\\\/jaleomadrid.com\\\/#\\\/schema\\\/logo\\\/image\\\/\",\"url\":\"https:\\\/\\\/jaleomadrid.com\\\/wp-content\\\/uploads\\\/2023\\\/03\\\/logotipo-jaleo-madrid-spanish-school-square.jpg\",\"contentUrl\":\"https:\\\/\\\/jaleomadrid.com\\\/wp-content\\\/uploads\\\/2023\\\/03\\\/logotipo-jaleo-madrid-spanish-school-square.jpg\",\"width\":1000,\"height\":1000,\"caption\":\"Jaleo Madrid Spanish School\"},\"image\":{\"@id\":\"https:\\\/\\\/jaleomadrid.com\\\/#\\\/schema\\\/logo\\\/image\\\/\"},\"sameAs\":[\"https:\\\/\\\/www.facebook.com\\\/JaleoMad\",\"https:\\\/\\\/x.com\\\/Jaleo_Madrid\",\"https:\\\/\\\/www.instagram.com\\\/jaleo_madrid\\\/\",\"https:\\\/\\\/www.youtube.com\\\/channel\\\/UC7eSC6efjfRPuuawyJv-1mA\"]},{\"@type\":\"Person\",\"@id\":\"https:\\\/\\\/jaleomadrid.com\\\/#\\\/schema\\\/person\\\/1aa4d134d7bd041edbadc70edafbadee\",\"name\":\"JaleoMadrid\",\"image\":{\"@type\":\"ImageObject\",\"inLanguage\":\"es\",\"@id\":\"https:\\\/\\\/secure.gravatar.com\\\/avatar\\\/058d5402d57882d5d77fc87b4ad4198b4c2366f88bf1fb134bec6a6c887ac70f?s=96&d=mm&r=g\",\"url\":\"https:\\\/\\\/secure.gravatar.com\\\/avatar\\\/058d5402d57882d5d77fc87b4ad4198b4c2366f88bf1fb134bec6a6c887ac70f?s=96&d=mm&r=g\",\"contentUrl\":\"https:\\\/\\\/secure.gravatar.com\\\/avatar\\\/058d5402d57882d5d77fc87b4ad4198b4c2366f88bf1fb134bec6a6c887ac70f?s=96&d=mm&r=g\",\"caption\":\"JaleoMadrid\"},\"url\":\"https:\\\/\\\/jaleomadrid.com\\\/es\\\/author\\\/jaleomadrid\\\/\"}]}<\/script>\n<!-- \/ Yoast SEO plugin. -->","yoast_head_json":{"title":"Jaleo Madrid cumple dos a\u00f1os y nos regalamos una nueva sociedad","description":"Han pasado ya veinticuatro meses desde que salimos oficialmente del armario laboral y la verdad es que no podemos estar m\u00e1s contentos.","robots":{"index":"index","follow":"follow","max-snippet":"max-snippet:-1","max-image-preview":"max-image-preview:large","max-video-preview":"max-video-preview:-1"},"canonical":"https:\/\/jaleomadrid.com\/es\/jaleo-madrid-cumple-dos-anos-y-nos-regalamos-una-nueva-socia\/","og_locale":"es_ES","og_type":"article","og_title":"Jaleo Madrid cumple dos a\u00f1os y nos regalamos una nueva socia","og_description":"Han pasado ya veinticuatro meses desde que salimos oficialmente del armario laboral y la verdad es que no podemos estar m\u00e1s contentos.","og_url":"https:\/\/jaleomadrid.com\/es\/jaleo-madrid-cumple-dos-anos-y-nos-regalamos-una-nueva-socia\/","og_site_name":"Jaleo Madrid Spanish School","article_publisher":"https:\/\/www.facebook.com\/JaleoMad","article_published_time":"2021-05-05T16:00:34+00:00","article_modified_time":"2023-03-11T22:10:44+00:00","og_image":[{"width":1920,"height":1280,"url":"https:\/\/jaleomadrid.com\/wp-content\/uploads\/2023\/03\/jaleo_madrid_dos.jpg","type":"image\/jpeg"}],"author":"JaleoMadrid","twitter_card":"summary_large_image","twitter_creator":"@Jaleo_Madrid","twitter_site":"@Jaleo_Madrid","twitter_misc":{"Escrito por":"JaleoMadrid","Tiempo de lectura":"2 minutos"},"schema":{"@context":"https:\/\/schema.org","@graph":[{"@type":["Article","BlogPosting"],"@id":"https:\/\/jaleomadrid.com\/jaleo-madrid-cumple-dos-anos-y-nos-regalamos-una-nueva-socia\/#article","isPartOf":{"@id":"https:\/\/jaleomadrid.com\/jaleo-madrid-cumple-dos-anos-y-nos-regalamos-una-nueva-socia\/"},"author":{"name":"JaleoMadrid","@id":"https:\/\/jaleomadrid.com\/#\/schema\/person\/1aa4d134d7bd041edbadc70edafbadee"},"headline":"Jaleo Madrid cumple dos a\u00f1os y nos regalamos una nueva socia","datePublished":"2021-05-05T16:00:34+00:00","dateModified":"2023-03-11T22:10:44+00:00","mainEntityOfPage":{"@id":"https:\/\/jaleomadrid.com\/jaleo-madrid-cumple-dos-anos-y-nos-regalamos-una-nueva-socia\/"},"wordCount":375,"publisher":{"@id":"https:\/\/jaleomadrid.com\/#organization"},"image":{"@id":"https:\/\/jaleomadrid.com\/jaleo-madrid-cumple-dos-anos-y-nos-regalamos-una-nueva-socia\/#primaryimage"},"thumbnailUrl":"https:\/\/jaleomadrid.com\/wp-content\/uploads\/2023\/03\/jaleo_madrid_dos.jpg","keywords":["escuela","jaleo","socia"],"articleSection":["Classes"],"inLanguage":"es"},{"@type":["WebPage","ItemPage"],"@id":"https:\/\/jaleomadrid.com\/jaleo-madrid-cumple-dos-anos-y-nos-regalamos-una-nueva-socia\/","url":"https:\/\/jaleomadrid.com\/jaleo-madrid-cumple-dos-anos-y-nos-regalamos-una-nueva-socia\/","name":"Jaleo Madrid cumple dos a\u00f1os y nos regalamos una nueva sociedad","isPartOf":{"@id":"https:\/\/jaleomadrid.com\/#website"},"primaryImageOfPage":{"@id":"https:\/\/jaleomadrid.com\/jaleo-madrid-cumple-dos-anos-y-nos-regalamos-una-nueva-socia\/#primaryimage"},"image":{"@id":"https:\/\/jaleomadrid.com\/jaleo-madrid-cumple-dos-anos-y-nos-regalamos-una-nueva-socia\/#primaryimage"},"thumbnailUrl":"https:\/\/jaleomadrid.com\/wp-content\/uploads\/2023\/03\/jaleo_madrid_dos.jpg","datePublished":"2021-05-05T16:00:34+00:00","dateModified":"2023-03-11T22:10:44+00:00","description":"Han pasado ya veinticuatro meses desde que salimos oficialmente del armario laboral y la verdad es que no podemos estar m\u00e1s contentos.","breadcrumb":{"@id":"https:\/\/jaleomadrid.com\/jaleo-madrid-cumple-dos-anos-y-nos-regalamos-una-nueva-socia\/#breadcrumb"},"inLanguage":"es","potentialAction":[{"@type":"ReadAction","target":["https:\/\/jaleomadrid.com\/jaleo-madrid-cumple-dos-anos-y-nos-regalamos-una-nueva-socia\/"]}]},{"@type":"ImageObject","inLanguage":"es","@id":"https:\/\/jaleomadrid.com\/jaleo-madrid-cumple-dos-anos-y-nos-regalamos-una-nueva-socia\/#primaryimage","url":"https:\/\/jaleomadrid.com\/wp-content\/uploads\/2023\/03\/jaleo_madrid_dos.jpg","contentUrl":"https:\/\/jaleomadrid.com\/wp-content\/uploads\/2023\/03\/jaleo_madrid_dos.jpg","width":1500,"height":1000},{"@type":"BreadcrumbList","@id":"https:\/\/jaleomadrid.com\/jaleo-madrid-cumple-dos-anos-y-nos-regalamos-una-nueva-socia\/#breadcrumb","itemListElement":[{"@type":"ListItem","position":1,"name":"Home","item":"https:\/\/jaleomadrid.com\/"},{"@type":"ListItem","position":2,"name":"jaleo","item":"https:\/\/jaleomadrid.com\/es\/tag\/jaleo\/"},{"@type":"ListItem","position":3,"name":"Jaleo Madrid cumple dos a\u00f1os y nos regalamos una nueva socia"}]},{"@type":"WebSite","@id":"https:\/\/jaleomadrid.com\/#website","url":"https:\/\/jaleomadrid.com\/","name":"Jaleo Madrid Escuela de Espa\u00f1ol","description":"Una escuela de espa\u00f1ol fundada por profesores de espa\u00f1ol","publisher":{"@id":"https:\/\/jaleomadrid.com\/#organization"},"potentialAction":[{"@type":"SearchAction","target":{"@type":"EntryPoint","urlTemplate":"https:\/\/jaleomadrid.com\/?s={search_term_string}"},"query-input":{"@type":"PropertyValueSpecification","valueRequired":true,"valueName":"search_term_string"}}],"inLanguage":"es"},{"@type":"Organization","@id":"https:\/\/jaleomadrid.com\/#organization","name":"Jaleo Madrid Escuela de Espa\u00f1ol","url":"https:\/\/jaleomadrid.com\/","logo":{"@type":"ImageObject","inLanguage":"es","@id":"https:\/\/jaleomadrid.com\/#\/schema\/logo\/image\/","url":"https:\/\/jaleomadrid.com\/wp-content\/uploads\/2023\/03\/logotipo-jaleo-madrid-spanish-school-square.jpg","contentUrl":"https:\/\/jaleomadrid.com\/wp-content\/uploads\/2023\/03\/logotipo-jaleo-madrid-spanish-school-square.jpg","width":1000,"height":1000,"caption":"Jaleo Madrid Spanish School"},"image":{"@id":"https:\/\/jaleomadrid.com\/#\/schema\/logo\/image\/"},"sameAs":["https:\/\/www.facebook.com\/JaleoMad","https:\/\/x.com\/Jaleo_Madrid","https:\/\/www.instagram.com\/jaleo_madrid\/","https:\/\/www.youtube.com\/channel\/UC7eSC6efjfRPuuawyJv-1mA"]},{"@type":"Person","@id":"https:\/\/jaleomadrid.com\/#\/schema\/person\/1aa4d134d7bd041edbadc70edafbadee","name":"JaleoMadrid","image":{"@type":"ImageObject","inLanguage":"es","@id":"https:\/\/secure.gravatar.com\/avatar\/058d5402d57882d5d77fc87b4ad4198b4c2366f88bf1fb134bec6a6c887ac70f?s=96&d=mm&r=g","url":"https:\/\/secure.gravatar.com\/avatar\/058d5402d57882d5d77fc87b4ad4198b4c2366f88bf1fb134bec6a6c887ac70f?s=96&d=mm&r=g","contentUrl":"https:\/\/secure.gravatar.com\/avatar\/058d5402d57882d5d77fc87b4ad4198b4c2366f88bf1fb134bec6a6c887ac70f?s=96&d=mm&r=g","caption":"JaleoMadrid"},"url":"https:\/\/jaleomadrid.com\/es\/author\/jaleomadrid\/"}]}},"_links":{"self":[{"href":"https:\/\/jaleomadrid.com\/es\/wp-json\/wp\/v2\/posts\/1995","targetHints":{"allow":["GET"]}}],"collection":[{"href":"https:\/\/jaleomadrid.com\/es\/wp-json\/wp\/v2\/posts"}],"about":[{"href":"https:\/\/jaleomadrid.com\/es\/wp-json\/wp\/v2\/types\/post"}],"author":[{"embeddable":true,"href":"https:\/\/jaleomadrid.com\/es\/wp-json\/wp\/v2\/users\/2"}],"replies":[{"embeddable":true,"href":"https:\/\/jaleomadrid.com\/es\/wp-json\/wp\/v2\/comments?post=1995"}],"version-history":[{"count":0,"href":"https:\/\/jaleomadrid.com\/es\/wp-json\/wp\/v2\/posts\/1995\/revisions"}],"wp:featuredmedia":[{"embeddable":true,"href":"https:\/\/jaleomadrid.com\/es\/wp-json\/wp\/v2\/media\/3060"}],"wp:attachment":[{"href":"https:\/\/jaleomadrid.com\/es\/wp-json\/wp\/v2\/media?parent=1995"}],"wp:term":[{"taxonomy":"category","embeddable":true,"href":"https:\/\/jaleomadrid.com\/es\/wp-json\/wp\/v2\/categories?post=1995"},{"taxonomy":"post_tag","embeddable":true,"href":"https:\/\/jaleomadrid.com\/es\/wp-json\/wp\/v2\/tags?post=1995"}],"curies":[{"name":"wp","href":"https:\/\/api.w.org\/{rel}","templated":true}]}}