{"id":2741,"date":"2022-06-08T17:41:07","date_gmt":"2022-06-08T16:41:07","guid":{"rendered":"https:\/\/antiguo.jaleomadrid.com\/?p=2741"},"modified":"2023-03-11T23:10:33","modified_gmt":"2023-03-11T22:10:33","slug":"la-feria-del-libro-se-despide-de-madrid","status":"publish","type":"post","link":"https:\/\/jaleomadrid.com\/es\/la-feria-del-libro-se-despide-de-madrid\/","title":{"rendered":"La Feria del Libro se despide de Madrid"},"content":{"rendered":"<p>Si en las \u00faltimas semanas has ido por el parque del Retiro en Madrid, puede que te hayas sorprendido por la cantidad de gente que hab\u00eda all\u00ed. Toda esa gente estaba all\u00ed por <strong>la Feria del Libro<\/strong>, un evento que se celebra todos los a\u00f1os entre finales de mayo y principios de junio y que goza de mucha popularidad.<\/p>\n<p>Cada a\u00f1o las principales librer\u00edas, editoriales y autores se re\u00fanen en el parque del Retiro del Madrid en una gran fiesta que dura varias semanas. En este evento, <strong>todos los visitantes pueden conocer a los escritores m\u00e1s famosos que visitan los diferentes puestos de la Feria del Libro para firmar algunos de sus t\u00edtulos<\/strong>. Adem\u00e1s, los libros que compres tienen un descuento, por lo que es habitual que veas mucha gente con bolsas llenas de libros.<\/p>\n<p>Por otro lado, adem\u00e1s de todas estas actividades, tambi\u00e9n podr\u00e1s encontrar muchas actividades relacionadas con el mundo del libro. Y es que este evento es uno de los m\u00e1s importantes del mundo de la lectura en Madrid. <strong>Puedes encontrar la lista de todas las actividades en la p\u00e1gina web de la Feria del Libro, en la que tambi\u00e9n encontrar\u00e1s los planos de las casetas y los horarios de firma de los autores<\/strong>.<\/p>\n<p>Esta edici\u00f3n de la Feria del Libro es especial porque vuelve a su momento del a\u00f1o habitual y es la primera que se celebra sin restricciones despu\u00e9s de la pandemia que llevamos sufriendo desde 2020 en todo el mundo. Si quieres consultar el horario o si hay alg\u00fan autor que te interese, puedes visitar <a href=\"https:\/\/www.ferialibromadrid.com\/\">la p\u00e1gina web de la Feria<\/a>.<\/p>\n<p>Recuerda que leer es una actividad estupenda que te puede ayudar a mejorar espa\u00f1ol, tal y como te contamos en <a href=\"https:\/\/antiguo.jaleomadrid.com\/es\/un-libro-de-espanol-para-cada-nivel\/\">algunos de los posts de nuestro blog<\/a>. <strong>No te olvides de que este evento es gratis, aunque seguro que gastar\u00e1s dinero comprando algunos libros para mejorar tu espa\u00f1ol<\/strong>. Si quieres comentarnos las novedades o hablar de c\u00f3mo mejorar tu lectura en espa\u00f1ol, no dudes en seguir uno de nuestros cursos. \u00a1Te esperamos!<\/p>","protected":false},"excerpt":{"rendered":"<p>Si en las \u00faltimas semanas has ido por el parque del Retiro en Madrid, puede que te hayas sorprendido por la cantidad de personas que hab\u00eda all\u00ed. Toda esa gente estaba all\u00ed por la Feria del Libro, un evento que se celebra todos los a\u00f1os entre finales de mayo y principios de junio y que [&hellip;]<\/p>\n","protected":false},"author":2,"featured_media":3087,"comment_status":"closed","ping_status":"open","sticky":false,"template":"","format":"standard","meta":{"inline_featured_image":false,"footnotes":""},"categories":[1],"tags":[238,166,42],"class_list":["post-2741","post","type-post","status-publish","format-standard","has-post-thumbnail","hentry","category-sin-categoria","tag-feria-del-libro","tag-libro","tag-madrid"],"yoast_head":"<!-- This site is optimized with the Yoast SEO plugin v27.5 - https:\/\/yoast.com\/product\/yoast-seo-wordpress\/ -->\n<title>La Feria del Libro se despide de Madrid<\/title>\n<meta name=\"description\" content=\"Cada a\u00f1o las principales librer\u00edas, editoriales y autores se re\u00fanen en el parque del Retiro del Madrid en una gran fiesta que dura varias semanas.\" \/>\n<meta name=\"robots\" content=\"index, follow, max-snippet:-1, max-image-preview:large, max-video-preview:-1\" \/>\n<link rel=\"canonical\" href=\"https:\/\/jaleomadrid.com\/es\/la-feria-del-libro-se-despide-de-madrid\/\" \/>\n<meta property=\"og:locale\" content=\"es_ES\" \/>\n<meta property=\"og:type\" content=\"article\" \/>\n<meta property=\"og:title\" content=\"La Feria del Libro se despide de Madrid\" \/>\n<meta property=\"og:description\" content=\"Cada a\u00f1o las principales librer\u00edas, editoriales y autores se re\u00fanen en el parque del Retiro del Madrid en una gran fiesta que dura varias semanas.\" \/>\n<meta property=\"og:url\" content=\"https:\/\/jaleomadrid.com\/es\/la-feria-del-libro-se-despide-de-madrid\/\" \/>\n<meta property=\"og:site_name\" content=\"Jaleo Madrid Spanish School\" \/>\n<meta property=\"article:publisher\" content=\"https:\/\/www.facebook.com\/JaleoMad\" \/>\n<meta property=\"article:published_time\" content=\"2022-06-08T16:41:07+00:00\" \/>\n<meta property=\"article:modified_time\" content=\"2023-03-11T22:10:33+00:00\" \/>\n<meta property=\"og:image\" content=\"https:\/\/jaleomadrid.com\/wp-content\/uploads\/2023\/03\/madrid-g1da4d9ffb_1920.jpg\" \/>\n\t<meta property=\"og:image:width\" content=\"1920\" \/>\n\t<meta property=\"og:image:height\" content=\"1080\" \/>\n\t<meta property=\"og:image:type\" content=\"image\/jpeg\" \/>\n<meta name=\"author\" content=\"JaleoMadrid\" \/>\n<meta name=\"twitter:card\" content=\"summary_large_image\" \/>\n<meta name=\"twitter:creator\" content=\"@Jaleo_Madrid\" \/>\n<meta name=\"twitter:site\" content=\"@Jaleo_Madrid\" \/>\n<meta name=\"twitter:label1\" content=\"Escrito por\" \/>\n\t<meta name=\"twitter:data1\" content=\"JaleoMadrid\" \/>\n\t<meta name=\"twitter:label2\" content=\"Tiempo de lectura\" \/>\n\t<meta name=\"twitter:data2\" content=\"2 minutos\" \/>\n<script type=\"application\/ld+json\" class=\"yoast-schema-graph\">{\"@context\":\"https:\\\/\\\/schema.org\",\"@graph\":[{\"@type\":[\"Article\",\"BlogPosting\"],\"@id\":\"https:\\\/\\\/jaleomadrid.com\\\/la-feria-del-libro-se-despide-de-madrid\\\/#article\",\"isPartOf\":{\"@id\":\"https:\\\/\\\/jaleomadrid.com\\\/la-feria-del-libro-se-despide-de-madrid\\\/\"},\"author\":{\"name\":\"JaleoMadrid\",\"@id\":\"https:\\\/\\\/jaleomadrid.com\\\/#\\\/schema\\\/person\\\/1aa4d134d7bd041edbadc70edafbadee\"},\"headline\":\"La Feria del Libro se despide de Madrid\",\"datePublished\":\"2022-06-08T16:41:07+00:00\",\"dateModified\":\"2023-03-11T22:10:33+00:00\",\"mainEntityOfPage\":{\"@id\":\"https:\\\/\\\/jaleomadrid.com\\\/la-feria-del-libro-se-despide-de-madrid\\\/\"},\"wordCount\":371,\"publisher\":{\"@id\":\"https:\\\/\\\/jaleomadrid.com\\\/#organization\"},\"image\":{\"@id\":\"https:\\\/\\\/jaleomadrid.com\\\/la-feria-del-libro-se-despide-de-madrid\\\/#primaryimage\"},\"thumbnailUrl\":\"https:\\\/\\\/jaleomadrid.com\\\/wp-content\\\/uploads\\\/2023\\\/03\\\/madrid-g1da4d9ffb_1920.jpg\",\"keywords\":[\"feria del libro\",\"libro\",\"Madrid\"],\"inLanguage\":\"es\"},{\"@type\":[\"WebPage\",\"ItemPage\"],\"@id\":\"https:\\\/\\\/jaleomadrid.com\\\/la-feria-del-libro-se-despide-de-madrid\\\/\",\"url\":\"https:\\\/\\\/jaleomadrid.com\\\/la-feria-del-libro-se-despide-de-madrid\\\/\",\"name\":\"La Feria del Libro se despide de Madrid\",\"isPartOf\":{\"@id\":\"https:\\\/\\\/jaleomadrid.com\\\/#website\"},\"primaryImageOfPage\":{\"@id\":\"https:\\\/\\\/jaleomadrid.com\\\/la-feria-del-libro-se-despide-de-madrid\\\/#primaryimage\"},\"image\":{\"@id\":\"https:\\\/\\\/jaleomadrid.com\\\/la-feria-del-libro-se-despide-de-madrid\\\/#primaryimage\"},\"thumbnailUrl\":\"https:\\\/\\\/jaleomadrid.com\\\/wp-content\\\/uploads\\\/2023\\\/03\\\/madrid-g1da4d9ffb_1920.jpg\",\"datePublished\":\"2022-06-08T16:41:07+00:00\",\"dateModified\":\"2023-03-11T22:10:33+00:00\",\"description\":\"Cada a\u00f1o las principales librer\u00edas, editoriales y autores se re\u00fanen en el parque del Retiro del Madrid en una gran fiesta que dura varias semanas.\",\"breadcrumb\":{\"@id\":\"https:\\\/\\\/jaleomadrid.com\\\/la-feria-del-libro-se-despide-de-madrid\\\/#breadcrumb\"},\"inLanguage\":\"es\",\"potentialAction\":[{\"@type\":\"ReadAction\",\"target\":[\"https:\\\/\\\/jaleomadrid.com\\\/la-feria-del-libro-se-despide-de-madrid\\\/\"]}]},{\"@type\":\"ImageObject\",\"inLanguage\":\"es\",\"@id\":\"https:\\\/\\\/jaleomadrid.com\\\/la-feria-del-libro-se-despide-de-madrid\\\/#primaryimage\",\"url\":\"https:\\\/\\\/jaleomadrid.com\\\/wp-content\\\/uploads\\\/2023\\\/03\\\/madrid-g1da4d9ffb_1920.jpg\",\"contentUrl\":\"https:\\\/\\\/jaleomadrid.com\\\/wp-content\\\/uploads\\\/2023\\\/03\\\/madrid-g1da4d9ffb_1920.jpg\",\"width\":1500,\"height\":844},{\"@type\":\"BreadcrumbList\",\"@id\":\"https:\\\/\\\/jaleomadrid.com\\\/la-feria-del-libro-se-despide-de-madrid\\\/#breadcrumb\",\"itemListElement\":[{\"@type\":\"ListItem\",\"position\":1,\"name\":\"Home\",\"item\":\"https:\\\/\\\/jaleomadrid.com\\\/\"},{\"@type\":\"ListItem\",\"position\":2,\"name\":\"Sin categor\u00eda\",\"item\":\"https:\\\/\\\/jaleomadrid.com\\\/category\\\/sin-categoria\\\/\"},{\"@type\":\"ListItem\",\"position\":3,\"name\":\"La Feria del Libro se despide de Madrid\"}]},{\"@type\":\"WebSite\",\"@id\":\"https:\\\/\\\/jaleomadrid.com\\\/#website\",\"url\":\"https:\\\/\\\/jaleomadrid.com\\\/\",\"name\":\"Jaleo Madrid Spanish School\",\"description\":\"A Spanish School Founded by Spanish Teachers\",\"publisher\":{\"@id\":\"https:\\\/\\\/jaleomadrid.com\\\/#organization\"},\"potentialAction\":[{\"@type\":\"SearchAction\",\"target\":{\"@type\":\"EntryPoint\",\"urlTemplate\":\"https:\\\/\\\/jaleomadrid.com\\\/?s={search_term_string}\"},\"query-input\":{\"@type\":\"PropertyValueSpecification\",\"valueRequired\":true,\"valueName\":\"search_term_string\"}}],\"inLanguage\":\"es\"},{\"@type\":\"Organization\",\"@id\":\"https:\\\/\\\/jaleomadrid.com\\\/#organization\",\"name\":\"Jaleo Madrid Spanish School\",\"url\":\"https:\\\/\\\/jaleomadrid.com\\\/\",\"logo\":{\"@type\":\"ImageObject\",\"inLanguage\":\"es\",\"@id\":\"https:\\\/\\\/jaleomadrid.com\\\/#\\\/schema\\\/logo\\\/image\\\/\",\"url\":\"https:\\\/\\\/jaleomadrid.com\\\/wp-content\\\/uploads\\\/2023\\\/03\\\/logotipo-jaleo-madrid-spanish-school-square.jpg\",\"contentUrl\":\"https:\\\/\\\/jaleomadrid.com\\\/wp-content\\\/uploads\\\/2023\\\/03\\\/logotipo-jaleo-madrid-spanish-school-square.jpg\",\"width\":1000,\"height\":1000,\"caption\":\"Jaleo Madrid Spanish School\"},\"image\":{\"@id\":\"https:\\\/\\\/jaleomadrid.com\\\/#\\\/schema\\\/logo\\\/image\\\/\"},\"sameAs\":[\"https:\\\/\\\/www.facebook.com\\\/JaleoMad\",\"https:\\\/\\\/x.com\\\/Jaleo_Madrid\",\"https:\\\/\\\/www.instagram.com\\\/jaleo_madrid\\\/\",\"https:\\\/\\\/www.youtube.com\\\/channel\\\/UC7eSC6efjfRPuuawyJv-1mA\"]},{\"@type\":\"Person\",\"@id\":\"https:\\\/\\\/jaleomadrid.com\\\/#\\\/schema\\\/person\\\/1aa4d134d7bd041edbadc70edafbadee\",\"name\":\"JaleoMadrid\",\"image\":{\"@type\":\"ImageObject\",\"inLanguage\":\"es\",\"@id\":\"https:\\\/\\\/secure.gravatar.com\\\/avatar\\\/058d5402d57882d5d77fc87b4ad4198b4c2366f88bf1fb134bec6a6c887ac70f?s=96&d=mm&r=g\",\"url\":\"https:\\\/\\\/secure.gravatar.com\\\/avatar\\\/058d5402d57882d5d77fc87b4ad4198b4c2366f88bf1fb134bec6a6c887ac70f?s=96&d=mm&r=g\",\"contentUrl\":\"https:\\\/\\\/secure.gravatar.com\\\/avatar\\\/058d5402d57882d5d77fc87b4ad4198b4c2366f88bf1fb134bec6a6c887ac70f?s=96&d=mm&r=g\",\"caption\":\"JaleoMadrid\"},\"url\":\"https:\\\/\\\/jaleomadrid.com\\\/es\\\/author\\\/jaleomadrid\\\/\"}]}<\/script>\n<!-- \/ Yoast SEO plugin. -->","yoast_head_json":{"title":"La Feria del Libro se despide de Madrid","description":"Cada a\u00f1o las principales librer\u00edas, editoriales y autores se re\u00fanen en el parque del Retiro del Madrid en una gran fiesta que dura varias semanas.","robots":{"index":"index","follow":"follow","max-snippet":"max-snippet:-1","max-image-preview":"max-image-preview:large","max-video-preview":"max-video-preview:-1"},"canonical":"https:\/\/jaleomadrid.com\/es\/la-feria-del-libro-se-despide-de-madrid\/","og_locale":"es_ES","og_type":"article","og_title":"La Feria del Libro se despide de Madrid","og_description":"Cada a\u00f1o las principales librer\u00edas, editoriales y autores se re\u00fanen en el parque del Retiro del Madrid en una gran fiesta que dura varias semanas.","og_url":"https:\/\/jaleomadrid.com\/es\/la-feria-del-libro-se-despide-de-madrid\/","og_site_name":"Jaleo Madrid Spanish School","article_publisher":"https:\/\/www.facebook.com\/JaleoMad","article_published_time":"2022-06-08T16:41:07+00:00","article_modified_time":"2023-03-11T22:10:33+00:00","og_image":[{"width":1920,"height":1080,"url":"https:\/\/jaleomadrid.com\/wp-content\/uploads\/2023\/03\/madrid-g1da4d9ffb_1920.jpg","type":"image\/jpeg"}],"author":"JaleoMadrid","twitter_card":"summary_large_image","twitter_creator":"@Jaleo_Madrid","twitter_site":"@Jaleo_Madrid","twitter_misc":{"Escrito por":"JaleoMadrid","Tiempo de lectura":"2 minutos"},"schema":{"@context":"https:\/\/schema.org","@graph":[{"@type":["Article","BlogPosting"],"@id":"https:\/\/jaleomadrid.com\/la-feria-del-libro-se-despide-de-madrid\/#article","isPartOf":{"@id":"https:\/\/jaleomadrid.com\/la-feria-del-libro-se-despide-de-madrid\/"},"author":{"name":"JaleoMadrid","@id":"https:\/\/jaleomadrid.com\/#\/schema\/person\/1aa4d134d7bd041edbadc70edafbadee"},"headline":"La Feria del Libro se despide de Madrid","datePublished":"2022-06-08T16:41:07+00:00","dateModified":"2023-03-11T22:10:33+00:00","mainEntityOfPage":{"@id":"https:\/\/jaleomadrid.com\/la-feria-del-libro-se-despide-de-madrid\/"},"wordCount":371,"publisher":{"@id":"https:\/\/jaleomadrid.com\/#organization"},"image":{"@id":"https:\/\/jaleomadrid.com\/la-feria-del-libro-se-despide-de-madrid\/#primaryimage"},"thumbnailUrl":"https:\/\/jaleomadrid.com\/wp-content\/uploads\/2023\/03\/madrid-g1da4d9ffb_1920.jpg","keywords":["feria del libro","libro","Madrid"],"inLanguage":"es"},{"@type":["WebPage","ItemPage"],"@id":"https:\/\/jaleomadrid.com\/la-feria-del-libro-se-despide-de-madrid\/","url":"https:\/\/jaleomadrid.com\/la-feria-del-libro-se-despide-de-madrid\/","name":"La Feria del Libro se despide de Madrid","isPartOf":{"@id":"https:\/\/jaleomadrid.com\/#website"},"primaryImageOfPage":{"@id":"https:\/\/jaleomadrid.com\/la-feria-del-libro-se-despide-de-madrid\/#primaryimage"},"image":{"@id":"https:\/\/jaleomadrid.com\/la-feria-del-libro-se-despide-de-madrid\/#primaryimage"},"thumbnailUrl":"https:\/\/jaleomadrid.com\/wp-content\/uploads\/2023\/03\/madrid-g1da4d9ffb_1920.jpg","datePublished":"2022-06-08T16:41:07+00:00","dateModified":"2023-03-11T22:10:33+00:00","description":"Cada a\u00f1o las principales librer\u00edas, editoriales y autores se re\u00fanen en el parque del Retiro del Madrid en una gran fiesta que dura varias semanas.","breadcrumb":{"@id":"https:\/\/jaleomadrid.com\/la-feria-del-libro-se-despide-de-madrid\/#breadcrumb"},"inLanguage":"es","potentialAction":[{"@type":"ReadAction","target":["https:\/\/jaleomadrid.com\/la-feria-del-libro-se-despide-de-madrid\/"]}]},{"@type":"ImageObject","inLanguage":"es","@id":"https:\/\/jaleomadrid.com\/la-feria-del-libro-se-despide-de-madrid\/#primaryimage","url":"https:\/\/jaleomadrid.com\/wp-content\/uploads\/2023\/03\/madrid-g1da4d9ffb_1920.jpg","contentUrl":"https:\/\/jaleomadrid.com\/wp-content\/uploads\/2023\/03\/madrid-g1da4d9ffb_1920.jpg","width":1500,"height":844},{"@type":"BreadcrumbList","@id":"https:\/\/jaleomadrid.com\/la-feria-del-libro-se-despide-de-madrid\/#breadcrumb","itemListElement":[{"@type":"ListItem","position":1,"name":"Home","item":"https:\/\/jaleomadrid.com\/"},{"@type":"ListItem","position":2,"name":"Sin categor\u00eda","item":"https:\/\/jaleomadrid.com\/category\/sin-categoria\/"},{"@type":"ListItem","position":3,"name":"La Feria del Libro se despide de Madrid"}]},{"@type":"WebSite","@id":"https:\/\/jaleomadrid.com\/#website","url":"https:\/\/jaleomadrid.com\/","name":"Jaleo Madrid Escuela de Espa\u00f1ol","description":"Una escuela de espa\u00f1ol fundada por profesores de espa\u00f1ol","publisher":{"@id":"https:\/\/jaleomadrid.com\/#organization"},"potentialAction":[{"@type":"SearchAction","target":{"@type":"EntryPoint","urlTemplate":"https:\/\/jaleomadrid.com\/?s={search_term_string}"},"query-input":{"@type":"PropertyValueSpecification","valueRequired":true,"valueName":"search_term_string"}}],"inLanguage":"es"},{"@type":"Organization","@id":"https:\/\/jaleomadrid.com\/#organization","name":"Jaleo Madrid Escuela de Espa\u00f1ol","url":"https:\/\/jaleomadrid.com\/","logo":{"@type":"ImageObject","inLanguage":"es","@id":"https:\/\/jaleomadrid.com\/#\/schema\/logo\/image\/","url":"https:\/\/jaleomadrid.com\/wp-content\/uploads\/2023\/03\/logotipo-jaleo-madrid-spanish-school-square.jpg","contentUrl":"https:\/\/jaleomadrid.com\/wp-content\/uploads\/2023\/03\/logotipo-jaleo-madrid-spanish-school-square.jpg","width":1000,"height":1000,"caption":"Jaleo Madrid Spanish School"},"image":{"@id":"https:\/\/jaleomadrid.com\/#\/schema\/logo\/image\/"},"sameAs":["https:\/\/www.facebook.com\/JaleoMad","https:\/\/x.com\/Jaleo_Madrid","https:\/\/www.instagram.com\/jaleo_madrid\/","https:\/\/www.youtube.com\/channel\/UC7eSC6efjfRPuuawyJv-1mA"]},{"@type":"Person","@id":"https:\/\/jaleomadrid.com\/#\/schema\/person\/1aa4d134d7bd041edbadc70edafbadee","name":"JaleoMadrid","image":{"@type":"ImageObject","inLanguage":"es","@id":"https:\/\/secure.gravatar.com\/avatar\/058d5402d57882d5d77fc87b4ad4198b4c2366f88bf1fb134bec6a6c887ac70f?s=96&d=mm&r=g","url":"https:\/\/secure.gravatar.com\/avatar\/058d5402d57882d5d77fc87b4ad4198b4c2366f88bf1fb134bec6a6c887ac70f?s=96&d=mm&r=g","contentUrl":"https:\/\/secure.gravatar.com\/avatar\/058d5402d57882d5d77fc87b4ad4198b4c2366f88bf1fb134bec6a6c887ac70f?s=96&d=mm&r=g","caption":"JaleoMadrid"},"url":"https:\/\/jaleomadrid.com\/es\/author\/jaleomadrid\/"}]}},"_links":{"self":[{"href":"https:\/\/jaleomadrid.com\/es\/wp-json\/wp\/v2\/posts\/2741","targetHints":{"allow":["GET"]}}],"collection":[{"href":"https:\/\/jaleomadrid.com\/es\/wp-json\/wp\/v2\/posts"}],"about":[{"href":"https:\/\/jaleomadrid.com\/es\/wp-json\/wp\/v2\/types\/post"}],"author":[{"embeddable":true,"href":"https:\/\/jaleomadrid.com\/es\/wp-json\/wp\/v2\/users\/2"}],"replies":[{"embeddable":true,"href":"https:\/\/jaleomadrid.com\/es\/wp-json\/wp\/v2\/comments?post=2741"}],"version-history":[{"count":0,"href":"https:\/\/jaleomadrid.com\/es\/wp-json\/wp\/v2\/posts\/2741\/revisions"}],"wp:featuredmedia":[{"embeddable":true,"href":"https:\/\/jaleomadrid.com\/es\/wp-json\/wp\/v2\/media\/3087"}],"wp:attachment":[{"href":"https:\/\/jaleomadrid.com\/es\/wp-json\/wp\/v2\/media?parent=2741"}],"wp:term":[{"taxonomy":"category","embeddable":true,"href":"https:\/\/jaleomadrid.com\/es\/wp-json\/wp\/v2\/categories?post=2741"},{"taxonomy":"post_tag","embeddable":true,"href":"https:\/\/jaleomadrid.com\/es\/wp-json\/wp\/v2\/tags?post=2741"}],"curies":[{"name":"wp","href":"https:\/\/api.w.org\/{rel}","templated":true}]}}