{"id":1108,"date":"2020-04-14T15:10:48","date_gmt":"2020-04-14T14:10:48","guid":{"rendered":"https:\/\/antiguo.jaleomadrid.com\/?p=1108"},"modified":"2023-03-11T23:10:55","modified_gmt":"2023-03-11T22:10:55","slug":"viajar-en-el-tiempo-con-el-espanol-ahora-o-ahora-despues","status":"publish","type":"post","link":"https:\/\/jaleomadrid.com\/fr\/viajar-en-el-tiempo-con-el-espanol-ahora-o-ahora-despues\/","title":{"rendered":"Viajar en el tiempo con el espa\u00f1ol (\u00bfahora o ahora despu\u00e9s?)"},"content":{"rendered":"<p>L'organisation du temps est l'une des cl\u00e9s pour comprendre un idiome.<strong> Le temps a sa place dans nos cabines et il est ordonn\u00e9 autour de notre langue maternelle.<\/strong> Lorsque nous devons faire le voyage pour apprendre un nouvel idiome, nous nous heurtons \u00e0 la difficult\u00e9 de savoir o\u00f9 et comment r\u00e9partir ce temps. Il en va de m\u00eame pour certaines expressions difficiles \u00e0 comprendre en espagnol, comme celles qui comportent les mots \"luego\" et \"ahora\".<\/p>\n<p>En tant que professeurs d'espagnol, nous avons l'intention de guider les \u00e9tudiants par le biais de notre vision classique du pass\u00e9 qui se trouve \u00e0 l'arri\u00e8re et de l'avenir qui se trouve \u00e0 l'ext\u00e9rieur de nous. Cependant, lorsque nous avan\u00e7ons, il y a des huecos du pass\u00e9 et de l'avenir que nous devons souvent situer pour nous-m\u00eames.<\/p>\n<p>De este modo, <strong>en M\u00e9xico podemos encontrarnos con la diferencia entre \"luego luego\" y \"luego\"<\/strong>. Le premier se situe plus t\u00f4t dans le temps que le second. Il s'agit d'un ph\u00e9nom\u00e8ne similaire \u00e0 celui qui se produit avec <strong>\"ahora\" et \"ahora despu\u00e9s\"<\/strong>. Le premier nous place dans une p\u00e9riode de temps plus ou moins imm\u00e9diate, tandis que le second est la premi\u00e8re chose que nous allons faire apr\u00e8s ce que nous faisons en ce moment. Un natif sait qu'entre \"ahora recojo la mesa\" et \"ahora despu\u00e9s recojo la mesa\", il y a une personne plus active et une autre plus procrastinatrice.<\/p>\n<p>Tambi\u00e9n <strong>\"desde luego\"<\/strong> est un v\u00e9ritable fl\u00e9au pour les \u00e9tudiants les plus tiquismiques. \u00bfC\u00f3mo es posible que esta afirmaci\u00f3n que nos habla aparentemente del tiempo signifique \"por supuesto\" ? L'\u00e9timologie nous dit que le mot \"inmediatamente\" a d'abord signifi\u00e9 \"imm\u00e9diatement\" et que, \u00e0 partir de l\u00e0, le mot \"inmediatamente\" est devenu le mot \"inmediatamente\". Il en va de m\u00eame pour \"luego\" en tant que synonyme de \"por lo tanto\", pour lequel le sens apparent de \"despu\u00e9s\" n'a pas d'incidence.<\/p>\n<p>M\u00eame dans les situations d\u00e9sesp\u00e9r\u00e9es, le mot \"luego\" a son importance. De ce fait, pour l'\u0153il, le \"adi\u00f3s\" est plus important que le \"hasta luego\", car ce dernier est plus attendu. <strong>En el fondo nos promete que nos volveremos a ver.<\/strong><\/p>\n<p>C'est pourquoi, chaque semaine, nous d\u00e9cr\u00e9tons \"jusqu'au lendemain\", avec l'id\u00e9e de nous retrouver la semaine suivante sur ce blog. Si vous souhaitez nous voir avant, vous pouvez toujours nous contacter par le biais de notre site web. <a href=\"https:\/\/www.instagram.com\/jaleo_madrid\/\">r\u00e9seaux sociaux<\/a>.<\/p>","protected":false},"excerpt":{"rendered":"<p>C\u00f3mo ordenamos el tiempo es una de las claves para entender un idioma. El tiempo tiene una posici\u00f3n en nuestras cabezas y est\u00e1 ordenado alrededor de nuestra lengua materna. Cuando tenemos que hacer el viaje para aprender un nuevo idioma, nos encontramos con la dificultad de saber d\u00f3nde y c\u00f3mo colocar ese tiempo. As\u00ed ocurre [&hellip;]<\/p>\n","protected":false},"author":2,"featured_media":3028,"comment_status":"closed","ping_status":"open","sticky":false,"template":"","format":"standard","meta":{"inline_featured_image":false,"footnotes":""},"categories":[101],"tags":[162,163,145],"class_list":["post-1108","post","type-post","status-publish","format-standard","has-post-thumbnail","hentry","category-lost-in-translation","tag-ahora","tag-luego","tag-tiempo"],"yoast_head":"<!-- This site is optimized with the Yoast SEO plugin v27.5 - https:\/\/yoast.com\/product\/yoast-seo-wordpress\/ -->\n<title>Viajar en el tiempo con el espa\u00f1ol (\u00bfahora o ahora despu\u00e9s?)<\/title>\n<meta name=\"description\" content=\"C\u00f3mo ordenamos el tiempo es una de las claves para entender un idioma. El tiempo tiene una posici\u00f3n en nuestras cabezas, ordenado por la lengua materna.\" \/>\n<meta name=\"robots\" content=\"index, follow, max-snippet:-1, max-image-preview:large, max-video-preview:-1\" \/>\n<link rel=\"canonical\" href=\"https:\/\/jaleomadrid.com\/fr\/viajar-en-el-tiempo-con-el-espanol-ahora-o-ahora-despues\/\" \/>\n<meta property=\"og:locale\" content=\"fr_FR\" \/>\n<meta property=\"og:type\" content=\"article\" \/>\n<meta property=\"og:title\" content=\"Viajar en el tiempo con el espa\u00f1ol (\u00bfahora o ahora despu\u00e9s?)\" \/>\n<meta property=\"og:description\" content=\"C\u00f3mo ordenamos el tiempo es una de las claves para entender un idioma. El tiempo tiene una posici\u00f3n en nuestras cabezas, ordenado por la lengua materna.\" \/>\n<meta property=\"og:url\" content=\"https:\/\/jaleomadrid.com\/fr\/viajar-en-el-tiempo-con-el-espanol-ahora-o-ahora-despues\/\" \/>\n<meta property=\"og:site_name\" content=\"Jaleo Madrid Spanish School\" \/>\n<meta property=\"article:publisher\" content=\"https:\/\/www.facebook.com\/JaleoMad\" \/>\n<meta property=\"article:published_time\" content=\"2020-04-14T14:10:48+00:00\" \/>\n<meta property=\"article:modified_time\" content=\"2023-03-11T22:10:55+00:00\" \/>\n<meta property=\"og:image\" content=\"https:\/\/jaleomadrid.com\/wp-content\/uploads\/2023\/03\/sales-4895556_1920.jpg\" \/>\n\t<meta property=\"og:image:width\" content=\"1920\" \/>\n\t<meta property=\"og:image:height\" content=\"1272\" \/>\n\t<meta property=\"og:image:type\" content=\"image\/jpeg\" \/>\n<meta name=\"author\" content=\"JaleoMadrid\" \/>\n<meta name=\"twitter:card\" content=\"summary_large_image\" \/>\n<meta name=\"twitter:creator\" content=\"@Jaleo_Madrid\" \/>\n<meta name=\"twitter:site\" content=\"@Jaleo_Madrid\" \/>\n<meta name=\"twitter:label1\" content=\"\u00c9crit par\" \/>\n\t<meta name=\"twitter:data1\" content=\"JaleoMadrid\" \/>\n\t<meta name=\"twitter:label2\" content=\"Dur\u00e9e de lecture estim\u00e9e\" \/>\n\t<meta name=\"twitter:data2\" content=\"2 minutes\" \/>\n<script type=\"application\/ld+json\" class=\"yoast-schema-graph\">{\"@context\":\"https:\\\/\\\/schema.org\",\"@graph\":[{\"@type\":[\"Article\",\"BlogPosting\"],\"@id\":\"https:\\\/\\\/jaleomadrid.com\\\/viajar-en-el-tiempo-con-el-espanol-ahora-o-ahora-despues\\\/#article\",\"isPartOf\":{\"@id\":\"https:\\\/\\\/jaleomadrid.com\\\/viajar-en-el-tiempo-con-el-espanol-ahora-o-ahora-despues\\\/\"},\"author\":{\"name\":\"JaleoMadrid\",\"@id\":\"https:\\\/\\\/jaleomadrid.com\\\/#\\\/schema\\\/person\\\/1aa4d134d7bd041edbadc70edafbadee\"},\"headline\":\"Viajar en el tiempo con el espa\u00f1ol (\u00bfahora o ahora despu\u00e9s?)\",\"datePublished\":\"2020-04-14T14:10:48+00:00\",\"dateModified\":\"2023-03-11T22:10:55+00:00\",\"mainEntityOfPage\":{\"@id\":\"https:\\\/\\\/jaleomadrid.com\\\/viajar-en-el-tiempo-con-el-espanol-ahora-o-ahora-despues\\\/\"},\"wordCount\":408,\"publisher\":{\"@id\":\"https:\\\/\\\/jaleomadrid.com\\\/#organization\"},\"image\":{\"@id\":\"https:\\\/\\\/jaleomadrid.com\\\/viajar-en-el-tiempo-con-el-espanol-ahora-o-ahora-despues\\\/#primaryimage\"},\"thumbnailUrl\":\"https:\\\/\\\/jaleomadrid.com\\\/wp-content\\\/uploads\\\/2023\\\/03\\\/sales-4895556_1920.jpg\",\"keywords\":[\"ahora\",\"luego\",\"Tiempo\"],\"articleSection\":[\"Lost in Translation\"],\"inLanguage\":\"fr-FR\"},{\"@type\":[\"WebPage\",\"ItemPage\"],\"@id\":\"https:\\\/\\\/jaleomadrid.com\\\/viajar-en-el-tiempo-con-el-espanol-ahora-o-ahora-despues\\\/\",\"url\":\"https:\\\/\\\/jaleomadrid.com\\\/viajar-en-el-tiempo-con-el-espanol-ahora-o-ahora-despues\\\/\",\"name\":\"Viajar en el tiempo con el espa\u00f1ol (\u00bfahora o ahora despu\u00e9s?)\",\"isPartOf\":{\"@id\":\"https:\\\/\\\/jaleomadrid.com\\\/#website\"},\"primaryImageOfPage\":{\"@id\":\"https:\\\/\\\/jaleomadrid.com\\\/viajar-en-el-tiempo-con-el-espanol-ahora-o-ahora-despues\\\/#primaryimage\"},\"image\":{\"@id\":\"https:\\\/\\\/jaleomadrid.com\\\/viajar-en-el-tiempo-con-el-espanol-ahora-o-ahora-despues\\\/#primaryimage\"},\"thumbnailUrl\":\"https:\\\/\\\/jaleomadrid.com\\\/wp-content\\\/uploads\\\/2023\\\/03\\\/sales-4895556_1920.jpg\",\"datePublished\":\"2020-04-14T14:10:48+00:00\",\"dateModified\":\"2023-03-11T22:10:55+00:00\",\"description\":\"C\u00f3mo ordenamos el tiempo es una de las claves para entender un idioma. El tiempo tiene una posici\u00f3n en nuestras cabezas, ordenado por la lengua materna.\",\"breadcrumb\":{\"@id\":\"https:\\\/\\\/jaleomadrid.com\\\/viajar-en-el-tiempo-con-el-espanol-ahora-o-ahora-despues\\\/#breadcrumb\"},\"inLanguage\":\"fr-FR\",\"potentialAction\":[{\"@type\":\"ReadAction\",\"target\":[\"https:\\\/\\\/jaleomadrid.com\\\/viajar-en-el-tiempo-con-el-espanol-ahora-o-ahora-despues\\\/\"]}]},{\"@type\":\"ImageObject\",\"inLanguage\":\"fr-FR\",\"@id\":\"https:\\\/\\\/jaleomadrid.com\\\/viajar-en-el-tiempo-con-el-espanol-ahora-o-ahora-despues\\\/#primaryimage\",\"url\":\"https:\\\/\\\/jaleomadrid.com\\\/wp-content\\\/uploads\\\/2023\\\/03\\\/sales-4895556_1920.jpg\",\"contentUrl\":\"https:\\\/\\\/jaleomadrid.com\\\/wp-content\\\/uploads\\\/2023\\\/03\\\/sales-4895556_1920.jpg\",\"width\":1500,\"height\":994},{\"@type\":\"BreadcrumbList\",\"@id\":\"https:\\\/\\\/jaleomadrid.com\\\/viajar-en-el-tiempo-con-el-espanol-ahora-o-ahora-despues\\\/#breadcrumb\",\"itemListElement\":[{\"@type\":\"ListItem\",\"position\":1,\"name\":\"Home\",\"item\":\"https:\\\/\\\/jaleomadrid.com\\\/\"},{\"@type\":\"ListItem\",\"position\":2,\"name\":\"exam\",\"item\":\"https:\\\/\\\/jaleomadrid.com\\\/tag\\\/exam\\\/\"},{\"@type\":\"ListItem\",\"position\":3,\"name\":\"Viajar en el tiempo con el espa\u00f1ol (\u00bfahora o ahora despu\u00e9s?)\"}]},{\"@type\":\"WebSite\",\"@id\":\"https:\\\/\\\/jaleomadrid.com\\\/#website\",\"url\":\"https:\\\/\\\/jaleomadrid.com\\\/\",\"name\":\"Jaleo Madrid Spanish School\",\"description\":\"A Spanish School Founded by Spanish Teachers\",\"publisher\":{\"@id\":\"https:\\\/\\\/jaleomadrid.com\\\/#organization\"},\"potentialAction\":[{\"@type\":\"SearchAction\",\"target\":{\"@type\":\"EntryPoint\",\"urlTemplate\":\"https:\\\/\\\/jaleomadrid.com\\\/?s={search_term_string}\"},\"query-input\":{\"@type\":\"PropertyValueSpecification\",\"valueRequired\":true,\"valueName\":\"search_term_string\"}}],\"inLanguage\":\"fr-FR\"},{\"@type\":\"Organization\",\"@id\":\"https:\\\/\\\/jaleomadrid.com\\\/#organization\",\"name\":\"Jaleo Madrid Spanish School\",\"url\":\"https:\\\/\\\/jaleomadrid.com\\\/\",\"logo\":{\"@type\":\"ImageObject\",\"inLanguage\":\"fr-FR\",\"@id\":\"https:\\\/\\\/jaleomadrid.com\\\/#\\\/schema\\\/logo\\\/image\\\/\",\"url\":\"https:\\\/\\\/jaleomadrid.com\\\/wp-content\\\/uploads\\\/2023\\\/03\\\/logotipo-jaleo-madrid-spanish-school-square.jpg\",\"contentUrl\":\"https:\\\/\\\/jaleomadrid.com\\\/wp-content\\\/uploads\\\/2023\\\/03\\\/logotipo-jaleo-madrid-spanish-school-square.jpg\",\"width\":1000,\"height\":1000,\"caption\":\"Jaleo Madrid Spanish School\"},\"image\":{\"@id\":\"https:\\\/\\\/jaleomadrid.com\\\/#\\\/schema\\\/logo\\\/image\\\/\"},\"sameAs\":[\"https:\\\/\\\/www.facebook.com\\\/JaleoMad\",\"https:\\\/\\\/x.com\\\/Jaleo_Madrid\",\"https:\\\/\\\/www.instagram.com\\\/jaleo_madrid\\\/\",\"https:\\\/\\\/www.youtube.com\\\/channel\\\/UC7eSC6efjfRPuuawyJv-1mA\"]},{\"@type\":\"Person\",\"@id\":\"https:\\\/\\\/jaleomadrid.com\\\/#\\\/schema\\\/person\\\/1aa4d134d7bd041edbadc70edafbadee\",\"name\":\"JaleoMadrid\",\"image\":{\"@type\":\"ImageObject\",\"inLanguage\":\"fr-FR\",\"@id\":\"https:\\\/\\\/secure.gravatar.com\\\/avatar\\\/058d5402d57882d5d77fc87b4ad4198b4c2366f88bf1fb134bec6a6c887ac70f?s=96&d=mm&r=g\",\"url\":\"https:\\\/\\\/secure.gravatar.com\\\/avatar\\\/058d5402d57882d5d77fc87b4ad4198b4c2366f88bf1fb134bec6a6c887ac70f?s=96&d=mm&r=g\",\"contentUrl\":\"https:\\\/\\\/secure.gravatar.com\\\/avatar\\\/058d5402d57882d5d77fc87b4ad4198b4c2366f88bf1fb134bec6a6c887ac70f?s=96&d=mm&r=g\",\"caption\":\"JaleoMadrid\"},\"url\":\"https:\\\/\\\/jaleomadrid.com\\\/fr\\\/author\\\/jaleomadrid\\\/\"}]}<\/script>\n<!-- \/ Yoast SEO plugin. -->","yoast_head_json":{"title":"Viajar en el tiempo con el espa\u00f1ol (\u00bfahora o ahora despu\u00e9s?)","description":"La fa\u00e7on dont nous ordonnons le temps est l'une des cl\u00e9s pour comprendre un idiome. Le temps a une position dans nos t\u00eates, ordonn\u00e9e par la langue maternelle.","robots":{"index":"index","follow":"follow","max-snippet":"max-snippet:-1","max-image-preview":"max-image-preview:large","max-video-preview":"max-video-preview:-1"},"canonical":"https:\/\/jaleomadrid.com\/fr\/viajar-en-el-tiempo-con-el-espanol-ahora-o-ahora-despues\/","og_locale":"fr_FR","og_type":"article","og_title":"Viajar en el tiempo con el espa\u00f1ol (\u00bfahora o ahora despu\u00e9s?)","og_description":"C\u00f3mo ordenamos el tiempo es una de las claves para entender un idioma. El tiempo tiene una posici\u00f3n en nuestras cabezas, ordenado por la lengua materna.","og_url":"https:\/\/jaleomadrid.com\/fr\/viajar-en-el-tiempo-con-el-espanol-ahora-o-ahora-despues\/","og_site_name":"Jaleo Madrid Spanish School","article_publisher":"https:\/\/www.facebook.com\/JaleoMad","article_published_time":"2020-04-14T14:10:48+00:00","article_modified_time":"2023-03-11T22:10:55+00:00","og_image":[{"width":1920,"height":1272,"url":"https:\/\/jaleomadrid.com\/wp-content\/uploads\/2023\/03\/sales-4895556_1920.jpg","type":"image\/jpeg"}],"author":"JaleoMadrid","twitter_card":"summary_large_image","twitter_creator":"@Jaleo_Madrid","twitter_site":"@Jaleo_Madrid","twitter_misc":{"\u00c9crit par":"JaleoMadrid","Dur\u00e9e de lecture estim\u00e9e":"2 minutes"},"schema":{"@context":"https:\/\/schema.org","@graph":[{"@type":["Article","BlogPosting"],"@id":"https:\/\/jaleomadrid.com\/viajar-en-el-tiempo-con-el-espanol-ahora-o-ahora-despues\/#article","isPartOf":{"@id":"https:\/\/jaleomadrid.com\/viajar-en-el-tiempo-con-el-espanol-ahora-o-ahora-despues\/"},"author":{"name":"JaleoMadrid","@id":"https:\/\/jaleomadrid.com\/#\/schema\/person\/1aa4d134d7bd041edbadc70edafbadee"},"headline":"Viajar en el tiempo con el espa\u00f1ol (\u00bfahora o ahora despu\u00e9s?)","datePublished":"2020-04-14T14:10:48+00:00","dateModified":"2023-03-11T22:10:55+00:00","mainEntityOfPage":{"@id":"https:\/\/jaleomadrid.com\/viajar-en-el-tiempo-con-el-espanol-ahora-o-ahora-despues\/"},"wordCount":408,"publisher":{"@id":"https:\/\/jaleomadrid.com\/#organization"},"image":{"@id":"https:\/\/jaleomadrid.com\/viajar-en-el-tiempo-con-el-espanol-ahora-o-ahora-despues\/#primaryimage"},"thumbnailUrl":"https:\/\/jaleomadrid.com\/wp-content\/uploads\/2023\/03\/sales-4895556_1920.jpg","keywords":["ahora","luego","Tiempo"],"articleSection":["Lost in Translation"],"inLanguage":"fr-FR"},{"@type":["WebPage","ItemPage"],"@id":"https:\/\/jaleomadrid.com\/viajar-en-el-tiempo-con-el-espanol-ahora-o-ahora-despues\/","url":"https:\/\/jaleomadrid.com\/viajar-en-el-tiempo-con-el-espanol-ahora-o-ahora-despues\/","name":"Viajar en el tiempo con el espa\u00f1ol (\u00bfahora o ahora despu\u00e9s?)","isPartOf":{"@id":"https:\/\/jaleomadrid.com\/#website"},"primaryImageOfPage":{"@id":"https:\/\/jaleomadrid.com\/viajar-en-el-tiempo-con-el-espanol-ahora-o-ahora-despues\/#primaryimage"},"image":{"@id":"https:\/\/jaleomadrid.com\/viajar-en-el-tiempo-con-el-espanol-ahora-o-ahora-despues\/#primaryimage"},"thumbnailUrl":"https:\/\/jaleomadrid.com\/wp-content\/uploads\/2023\/03\/sales-4895556_1920.jpg","datePublished":"2020-04-14T14:10:48+00:00","dateModified":"2023-03-11T22:10:55+00:00","description":"La fa\u00e7on dont nous ordonnons le temps est l'une des cl\u00e9s pour comprendre un idiome. Le temps a une position dans nos t\u00eates, ordonn\u00e9e par la langue maternelle.","breadcrumb":{"@id":"https:\/\/jaleomadrid.com\/viajar-en-el-tiempo-con-el-espanol-ahora-o-ahora-despues\/#breadcrumb"},"inLanguage":"fr-FR","potentialAction":[{"@type":"ReadAction","target":["https:\/\/jaleomadrid.com\/viajar-en-el-tiempo-con-el-espanol-ahora-o-ahora-despues\/"]}]},{"@type":"ImageObject","inLanguage":"fr-FR","@id":"https:\/\/jaleomadrid.com\/viajar-en-el-tiempo-con-el-espanol-ahora-o-ahora-despues\/#primaryimage","url":"https:\/\/jaleomadrid.com\/wp-content\/uploads\/2023\/03\/sales-4895556_1920.jpg","contentUrl":"https:\/\/jaleomadrid.com\/wp-content\/uploads\/2023\/03\/sales-4895556_1920.jpg","width":1500,"height":994},{"@type":"BreadcrumbList","@id":"https:\/\/jaleomadrid.com\/viajar-en-el-tiempo-con-el-espanol-ahora-o-ahora-despues\/#breadcrumb","itemListElement":[{"@type":"ListItem","position":1,"name":"Home","item":"https:\/\/jaleomadrid.com\/"},{"@type":"ListItem","position":2,"name":"exam","item":"https:\/\/jaleomadrid.com\/tag\/exam\/"},{"@type":"ListItem","position":3,"name":"Viajar en el tiempo con el espa\u00f1ol (\u00bfahora o ahora despu\u00e9s?)"}]},{"@type":"WebSite","@id":"https:\/\/jaleomadrid.com\/#website","url":"https:\/\/jaleomadrid.com\/","name":"\u00c9cole d'espagnol Jaleo Madrid","description":"Une \u00e9cole d'espagnol fond\u00e9e par des professeurs d'espagnol","publisher":{"@id":"https:\/\/jaleomadrid.com\/#organization"},"potentialAction":[{"@type":"SearchAction","target":{"@type":"EntryPoint","urlTemplate":"https:\/\/jaleomadrid.com\/?s={search_term_string}"},"query-input":{"@type":"PropertyValueSpecification","valueRequired":true,"valueName":"search_term_string"}}],"inLanguage":"fr-FR"},{"@type":"Organization","@id":"https:\/\/jaleomadrid.com\/#organization","name":"\u00c9cole d'espagnol Jaleo Madrid","url":"https:\/\/jaleomadrid.com\/","logo":{"@type":"ImageObject","inLanguage":"fr-FR","@id":"https:\/\/jaleomadrid.com\/#\/schema\/logo\/image\/","url":"https:\/\/jaleomadrid.com\/wp-content\/uploads\/2023\/03\/logotipo-jaleo-madrid-spanish-school-square.jpg","contentUrl":"https:\/\/jaleomadrid.com\/wp-content\/uploads\/2023\/03\/logotipo-jaleo-madrid-spanish-school-square.jpg","width":1000,"height":1000,"caption":"Jaleo Madrid Spanish School"},"image":{"@id":"https:\/\/jaleomadrid.com\/#\/schema\/logo\/image\/"},"sameAs":["https:\/\/www.facebook.com\/JaleoMad","https:\/\/x.com\/Jaleo_Madrid","https:\/\/www.instagram.com\/jaleo_madrid\/","https:\/\/www.youtube.com\/channel\/UC7eSC6efjfRPuuawyJv-1mA"]},{"@type":"Person","@id":"https:\/\/jaleomadrid.com\/#\/schema\/person\/1aa4d134d7bd041edbadc70edafbadee","name":"JaleoMadrid","image":{"@type":"ImageObject","inLanguage":"fr-FR","@id":"https:\/\/secure.gravatar.com\/avatar\/058d5402d57882d5d77fc87b4ad4198b4c2366f88bf1fb134bec6a6c887ac70f?s=96&d=mm&r=g","url":"https:\/\/secure.gravatar.com\/avatar\/058d5402d57882d5d77fc87b4ad4198b4c2366f88bf1fb134bec6a6c887ac70f?s=96&d=mm&r=g","contentUrl":"https:\/\/secure.gravatar.com\/avatar\/058d5402d57882d5d77fc87b4ad4198b4c2366f88bf1fb134bec6a6c887ac70f?s=96&d=mm&r=g","caption":"JaleoMadrid"},"url":"https:\/\/jaleomadrid.com\/fr\/author\/jaleomadrid\/"}]}},"_links":{"self":[{"href":"https:\/\/jaleomadrid.com\/fr\/wp-json\/wp\/v2\/posts\/1108","targetHints":{"allow":["GET"]}}],"collection":[{"href":"https:\/\/jaleomadrid.com\/fr\/wp-json\/wp\/v2\/posts"}],"about":[{"href":"https:\/\/jaleomadrid.com\/fr\/wp-json\/wp\/v2\/types\/post"}],"author":[{"embeddable":true,"href":"https:\/\/jaleomadrid.com\/fr\/wp-json\/wp\/v2\/users\/2"}],"replies":[{"embeddable":true,"href":"https:\/\/jaleomadrid.com\/fr\/wp-json\/wp\/v2\/comments?post=1108"}],"version-history":[{"count":0,"href":"https:\/\/jaleomadrid.com\/fr\/wp-json\/wp\/v2\/posts\/1108\/revisions"}],"wp:featuredmedia":[{"embeddable":true,"href":"https:\/\/jaleomadrid.com\/fr\/wp-json\/wp\/v2\/media\/3028"}],"wp:attachment":[{"href":"https:\/\/jaleomadrid.com\/fr\/wp-json\/wp\/v2\/media?parent=1108"}],"wp:term":[{"taxonomy":"category","embeddable":true,"href":"https:\/\/jaleomadrid.com\/fr\/wp-json\/wp\/v2\/categories?post=1108"},{"taxonomy":"post_tag","embeddable":true,"href":"https:\/\/jaleomadrid.com\/fr\/wp-json\/wp\/v2\/tags?post=1108"}],"curies":[{"name":"wp","href":"https:\/\/api.w.org\/{rel}","templated":true}]}}