{"id":1705,"date":"2019-03-13T20:21:51","date_gmt":"2019-03-13T19:21:51","guid":{"rendered":"https:\/\/antiguo.jaleomadrid.com\/?p=542"},"modified":"2023-03-11T23:11:12","modified_gmt":"2023-03-11T22:11:12","slug":"como-corregir-mejor-la-expresion-escrita-en-clase-de-espanol","status":"publish","type":"post","link":"https:\/\/jaleomadrid.com\/fr\/como-corregir-mejor-la-expresion-escrita-en-clase-de-espanol\/","title":{"rendered":"C\u00f3mo corregir mejor la expresi\u00f3n escrita en clase de espa\u00f1ol"},"content":{"rendered":"<p>Aujourd'hui, nous allons parler avec les professeurs d'espagnol d'un sujet d\u00e9licat : la correction. Il s'agit d'une question \u00e0 laquelle on ne pr\u00eate pas assez d'attention dans la plupart des formations, mais c'est l'un des points les plus importants de notre profession. Il est toujours difficile de dire \u00e0 une personne que ce qu'elle dit n'est pas correct, c'est pourquoi nous proposons un exercice pour travailler cet aspect en classe.<\/p>\n<p>En premier lieu <strong>nous devons \u00e9liminer le tabou qui existe sur la correction<\/strong>. C'est un aspect positif et n\u00e9cessaire de l'enseignement. Il s'agit d'un sujet complexe, car il est possible que nos \u00e9tudiants le per\u00e7oivent comme quelque chose de n\u00e9gatif en raison de l'influence de l'enseignement traditionnel. Ils peuvent en arriver \u00e0 ressentir de la frustration ou de la col\u00e8re. <strong>Si nous avons un groupe d'\u00e9tudiants, nous devons nous efforcer de comprendre d\u00e8s le premier instant que les r\u00e9ponses sont positives.<\/strong>.<\/p>\n<p>En ce sens, nous pouvons contribuer \u00e0 la disparition de ces monstres en \u00e9laborant des r\u00e8gles pour la correction que nos propres \u00e9tudiants doivent compl\u00e9ter avant les productions de leurs camarades. En outre, nous devons leur permettre d'analyser des textes ou des phrases contextualis\u00e9s contenant des erreurs. <strong>L'erreur est bonne parce que lorsque nous la d\u00e9tectons, nous disons que nous comprenons parfaitement l'idiome.<\/strong>.<\/p>\n<p>Pour vous motiver davantage, nous allons nous entra\u00eener \u00e0 la correction par \u00e9quipe. Certains professeurs n'\u00e9crivent pas en classe parce qu'ils pensent que cela pourrait entra\u00eener une perte de temps pour l'\u00e9tudiant, mais nous devons apprendre les \u00e9l\u00e9ments que nous conf\u00e8re le fait de travailler en groupe. Nous en parlerons un autre jour, mais aujourd'hui nous allons passer \u00e0 la correction.<\/p>\n<p>Une fois le texte r\u00e9dig\u00e9, nous passerons \u00e0 l'\u00e9laboration des documents suivants <strong>\u00e9quipements de correction<\/strong>. Nous devons tenir compte du niveau auquel nous nous trouvons, m\u00eame s'il s'agit d'une activit\u00e9 que nous pouvons facilement r\u00e9aliser \u00e0 partir du niveau A2, en adaptant les points \u00e0 corriger.<\/p>\n<p>Par exemple, apr\u00e8s avoir \u00e9crit un texte \u00e0 la fin du niveau B1, nous pouvons diviser par groupes une classe de deux personnes en fonction des aspects suivants : Verbos (formas, modos, tiempos) ; tildes y preposiciones ; coherencia y concordancia, y adecuaci\u00f3n del l\u00e9xico. Il s'agit de groupes que nous pouvons adapter en fonction du texte (s'agit-il d'un texte formel ? parlons-nous d'\u00e9laborer des graphiques ?) et du niveau interne du groupe.<\/p>\n<p>En este sentido, convendr\u00eda conjuntar parejas en las que hubiese una persona que dominase el tema a corregir con otra que le presentase mayores dificultades. De este modo, el estudiante A podr\u00eda ejercer de <em>miniprofesseur <\/em> avec l'\u00e9tudiant B.<\/p>\n<p>Une fois que nous avons les parents, les textes doivent passer par chacune d'entre elles. Afin d'\u00e9viter que les \u00e9l\u00e8ves n'aient le sentiment d'\u00eatre dans le rouge, nous pouvons distribuer des post-it de diff\u00e9rentes couleurs ou faire en sorte que les \u00e9l\u00e8ves \u00e9crivent des notes sur une feuille de texte. Il s'agit l\u00e0 d'outils tr\u00e8s efficaces pour \u00e9viter que les corrections ne soient pas ad\u00e9quates.<\/p>\n<p>Il est \u00e9vident que nous ne pouvons pas conclure l'exercice de cette mani\u00e8re. Nous pouvons faire appel \u00e0 un professeur ou \u00e9crire directement les textes sur la feuille (pour cela, nous recommandons aux \u00e9l\u00e8ves qui \u00e9crivent avec une grande \u00e9criture). <strong>Toute la classe se l\u00e8ve \u00e0 la fin de la s\u00e9ance pour aider le professeur \u00e0 reprendre les corrections, \u00e0 poser des questions et, m\u00eame, pour que l'auteur puisse expliquer une donn\u00e9e qui n'a pas \u00e9t\u00e9 clairement exprim\u00e9e dans ses textes.<\/strong>.<\/p>\n<p>Petit \u00e0 petit, nous parviendrons \u00e0 faire en sorte que les corrections deviennent une habitude dans nos classes, sans que cela ne signifie un retour \u00e0 la terreur. Comment r\u00e9alisez-vous les corrections ? Puedes compartir tus impresiones cit\u00e1ndonos en <a href=\"https:\/\/twitter.com\/Jaleo_Madrid\">twitter <\/a>:-). Te esperamos para debatir.<\/p>","protected":false},"excerpt":{"rendered":"<p>Hoy nos toca hablar con los profes de espa\u00f1ol de un asunto delicado: la correcci\u00f3n. Esta es una cuesti\u00f3n a la que no se suele prestar demasiada atenci\u00f3n en muchas formaciones, sin embargo es uno de los puntos m\u00e1s importantes dentro de nuestra profesi\u00f3n. Siempre es dif\u00edcil decirle a una persona que lo que est\u00e1 [&hellip;]<\/p>\n","protected":false},"author":2,"featured_media":2856,"comment_status":"closed","ping_status":"open","sticky":false,"template":"","format":"standard","meta":{"inline_featured_image":false,"footnotes":""},"categories":[37],"tags":[35,36],"class_list":["post-1705","post","type-post","status-publish","format-standard","has-post-thumbnail","hentry","category-writing","tag-correccion","tag-escritura"],"yoast_head":"<!-- This site is optimized with the Yoast SEO plugin v27.5 - https:\/\/yoast.com\/product\/yoast-seo-wordpress\/ -->\n<title>C\u00f3mo corregir mejor la expresi\u00f3n escrita en clase de espa\u00f1ol<\/title>\n<meta name=\"description\" content=\"A veces, a los profes de espa\u00f1ol les cuesta mucho corregir. En este post te ayudamos a que la tarea sea f\u00e1cil y constructiva para tus estudiantes.\" \/>\n<meta name=\"robots\" content=\"index, follow, max-snippet:-1, max-image-preview:large, max-video-preview:-1\" \/>\n<link rel=\"canonical\" href=\"https:\/\/jaleomadrid.com\/fr\/como-corregir-mejor-la-expresion-escrita-en-clase-de-espanol\/\" \/>\n<meta property=\"og:locale\" content=\"fr_FR\" \/>\n<meta property=\"og:type\" content=\"article\" \/>\n<meta property=\"og:title\" content=\"C\u00f3mo corregir mejor la expresi\u00f3n escrita en clase de espa\u00f1ol\" \/>\n<meta property=\"og:description\" content=\"A veces, a los profes de espa\u00f1ol les cuesta mucho corregir. En este post te ayudamos a que la tarea sea f\u00e1cil y constructiva para tus estudiantes.\" \/>\n<meta property=\"og:url\" content=\"https:\/\/jaleomadrid.com\/fr\/como-corregir-mejor-la-expresion-escrita-en-clase-de-espanol\/\" \/>\n<meta property=\"og:site_name\" content=\"Jaleo Madrid Spanish School\" \/>\n<meta property=\"article:publisher\" content=\"https:\/\/www.facebook.com\/JaleoMad\" \/>\n<meta property=\"article:published_time\" content=\"2019-03-13T19:21:51+00:00\" \/>\n<meta property=\"article:modified_time\" content=\"2023-03-11T22:11:12+00:00\" \/>\n<meta property=\"og:image\" content=\"https:\/\/jaleomadrid.com\/wp-content\/uploads\/2023\/03\/writing-828911_1920.jpg\" \/>\n\t<meta property=\"og:image:width\" content=\"1920\" \/>\n\t<meta property=\"og:image:height\" content=\"1280\" \/>\n\t<meta property=\"og:image:type\" content=\"image\/jpeg\" \/>\n<meta name=\"author\" content=\"JaleoMadrid\" \/>\n<meta name=\"twitter:card\" content=\"summary_large_image\" \/>\n<meta name=\"twitter:creator\" content=\"@Jaleo_Madrid\" \/>\n<meta name=\"twitter:site\" content=\"@Jaleo_Madrid\" \/>\n<meta name=\"twitter:label1\" content=\"\u00c9crit par\" \/>\n\t<meta name=\"twitter:data1\" content=\"JaleoMadrid\" \/>\n\t<meta name=\"twitter:label2\" content=\"Dur\u00e9e de lecture estim\u00e9e\" \/>\n\t<meta name=\"twitter:data2\" content=\"3 minutes\" \/>\n<script type=\"application\/ld+json\" class=\"yoast-schema-graph\">{\"@context\":\"https:\\\/\\\/schema.org\",\"@graph\":[{\"@type\":[\"Article\",\"BlogPosting\"],\"@id\":\"https:\\\/\\\/jaleomadrid.com\\\/como-corregir-mejor-la-expresion-escrita-en-clase-de-espanol\\\/#article\",\"isPartOf\":{\"@id\":\"https:\\\/\\\/jaleomadrid.com\\\/como-corregir-mejor-la-expresion-escrita-en-clase-de-espanol\\\/\"},\"author\":{\"name\":\"JaleoMadrid\",\"@id\":\"https:\\\/\\\/jaleomadrid.com\\\/#\\\/schema\\\/person\\\/1aa4d134d7bd041edbadc70edafbadee\"},\"headline\":\"C\u00f3mo corregir mejor la expresi\u00f3n escrita en clase de espa\u00f1ol\",\"datePublished\":\"2019-03-13T19:21:51+00:00\",\"dateModified\":\"2023-03-11T22:11:12+00:00\",\"mainEntityOfPage\":{\"@id\":\"https:\\\/\\\/jaleomadrid.com\\\/como-corregir-mejor-la-expresion-escrita-en-clase-de-espanol\\\/\"},\"wordCount\":627,\"publisher\":{\"@id\":\"https:\\\/\\\/jaleomadrid.com\\\/#organization\"},\"image\":{\"@id\":\"https:\\\/\\\/jaleomadrid.com\\\/como-corregir-mejor-la-expresion-escrita-en-clase-de-espanol\\\/#primaryimage\"},\"thumbnailUrl\":\"https:\\\/\\\/jaleomadrid.com\\\/wp-content\\\/uploads\\\/2023\\\/03\\\/writing-828911_1920.jpg\",\"keywords\":[\"correcci\u00f3n\",\"escritura\"],\"articleSection\":[\"Writing\"],\"inLanguage\":\"fr-FR\"},{\"@type\":[\"WebPage\",\"ItemPage\"],\"@id\":\"https:\\\/\\\/jaleomadrid.com\\\/como-corregir-mejor-la-expresion-escrita-en-clase-de-espanol\\\/\",\"url\":\"https:\\\/\\\/jaleomadrid.com\\\/como-corregir-mejor-la-expresion-escrita-en-clase-de-espanol\\\/\",\"name\":\"C\u00f3mo corregir mejor la expresi\u00f3n escrita en clase de espa\u00f1ol\",\"isPartOf\":{\"@id\":\"https:\\\/\\\/jaleomadrid.com\\\/#website\"},\"primaryImageOfPage\":{\"@id\":\"https:\\\/\\\/jaleomadrid.com\\\/como-corregir-mejor-la-expresion-escrita-en-clase-de-espanol\\\/#primaryimage\"},\"image\":{\"@id\":\"https:\\\/\\\/jaleomadrid.com\\\/como-corregir-mejor-la-expresion-escrita-en-clase-de-espanol\\\/#primaryimage\"},\"thumbnailUrl\":\"https:\\\/\\\/jaleomadrid.com\\\/wp-content\\\/uploads\\\/2023\\\/03\\\/writing-828911_1920.jpg\",\"datePublished\":\"2019-03-13T19:21:51+00:00\",\"dateModified\":\"2023-03-11T22:11:12+00:00\",\"description\":\"A veces, a los profes de espa\u00f1ol les cuesta mucho corregir. En este post te ayudamos a que la tarea sea f\u00e1cil y constructiva para tus estudiantes.\",\"breadcrumb\":{\"@id\":\"https:\\\/\\\/jaleomadrid.com\\\/como-corregir-mejor-la-expresion-escrita-en-clase-de-espanol\\\/#breadcrumb\"},\"inLanguage\":\"fr-FR\",\"potentialAction\":[{\"@type\":\"ReadAction\",\"target\":[\"https:\\\/\\\/jaleomadrid.com\\\/como-corregir-mejor-la-expresion-escrita-en-clase-de-espanol\\\/\"]}]},{\"@type\":\"ImageObject\",\"inLanguage\":\"fr-FR\",\"@id\":\"https:\\\/\\\/jaleomadrid.com\\\/como-corregir-mejor-la-expresion-escrita-en-clase-de-espanol\\\/#primaryimage\",\"url\":\"https:\\\/\\\/jaleomadrid.com\\\/wp-content\\\/uploads\\\/2023\\\/03\\\/writing-828911_1920.jpg\",\"contentUrl\":\"https:\\\/\\\/jaleomadrid.com\\\/wp-content\\\/uploads\\\/2023\\\/03\\\/writing-828911_1920.jpg\",\"width\":1500,\"height\":1000},{\"@type\":\"BreadcrumbList\",\"@id\":\"https:\\\/\\\/jaleomadrid.com\\\/como-corregir-mejor-la-expresion-escrita-en-clase-de-espanol\\\/#breadcrumb\",\"itemListElement\":[{\"@type\":\"ListItem\",\"position\":1,\"name\":\"Home\",\"item\":\"https:\\\/\\\/jaleomadrid.com\\\/\"},{\"@type\":\"ListItem\",\"position\":2,\"name\":\"Writing\",\"item\":\"https:\\\/\\\/jaleomadrid.com\\\/category\\\/writing\\\/\"},{\"@type\":\"ListItem\",\"position\":3,\"name\":\"C\u00f3mo corregir mejor la expresi\u00f3n escrita en clase de espa\u00f1ol\"}]},{\"@type\":\"WebSite\",\"@id\":\"https:\\\/\\\/jaleomadrid.com\\\/#website\",\"url\":\"https:\\\/\\\/jaleomadrid.com\\\/\",\"name\":\"Jaleo Madrid Spanish School\",\"description\":\"A Spanish School Founded by Spanish Teachers\",\"publisher\":{\"@id\":\"https:\\\/\\\/jaleomadrid.com\\\/#organization\"},\"potentialAction\":[{\"@type\":\"SearchAction\",\"target\":{\"@type\":\"EntryPoint\",\"urlTemplate\":\"https:\\\/\\\/jaleomadrid.com\\\/?s={search_term_string}\"},\"query-input\":{\"@type\":\"PropertyValueSpecification\",\"valueRequired\":true,\"valueName\":\"search_term_string\"}}],\"inLanguage\":\"fr-FR\"},{\"@type\":\"Organization\",\"@id\":\"https:\\\/\\\/jaleomadrid.com\\\/#organization\",\"name\":\"Jaleo Madrid Spanish School\",\"url\":\"https:\\\/\\\/jaleomadrid.com\\\/\",\"logo\":{\"@type\":\"ImageObject\",\"inLanguage\":\"fr-FR\",\"@id\":\"https:\\\/\\\/jaleomadrid.com\\\/#\\\/schema\\\/logo\\\/image\\\/\",\"url\":\"https:\\\/\\\/jaleomadrid.com\\\/wp-content\\\/uploads\\\/2023\\\/03\\\/logotipo-jaleo-madrid-spanish-school-square.jpg\",\"contentUrl\":\"https:\\\/\\\/jaleomadrid.com\\\/wp-content\\\/uploads\\\/2023\\\/03\\\/logotipo-jaleo-madrid-spanish-school-square.jpg\",\"width\":1000,\"height\":1000,\"caption\":\"Jaleo Madrid Spanish School\"},\"image\":{\"@id\":\"https:\\\/\\\/jaleomadrid.com\\\/#\\\/schema\\\/logo\\\/image\\\/\"},\"sameAs\":[\"https:\\\/\\\/www.facebook.com\\\/JaleoMad\",\"https:\\\/\\\/x.com\\\/Jaleo_Madrid\",\"https:\\\/\\\/www.instagram.com\\\/jaleo_madrid\\\/\",\"https:\\\/\\\/www.youtube.com\\\/channel\\\/UC7eSC6efjfRPuuawyJv-1mA\"]},{\"@type\":\"Person\",\"@id\":\"https:\\\/\\\/jaleomadrid.com\\\/#\\\/schema\\\/person\\\/1aa4d134d7bd041edbadc70edafbadee\",\"name\":\"JaleoMadrid\",\"image\":{\"@type\":\"ImageObject\",\"inLanguage\":\"fr-FR\",\"@id\":\"https:\\\/\\\/secure.gravatar.com\\\/avatar\\\/058d5402d57882d5d77fc87b4ad4198b4c2366f88bf1fb134bec6a6c887ac70f?s=96&d=mm&r=g\",\"url\":\"https:\\\/\\\/secure.gravatar.com\\\/avatar\\\/058d5402d57882d5d77fc87b4ad4198b4c2366f88bf1fb134bec6a6c887ac70f?s=96&d=mm&r=g\",\"contentUrl\":\"https:\\\/\\\/secure.gravatar.com\\\/avatar\\\/058d5402d57882d5d77fc87b4ad4198b4c2366f88bf1fb134bec6a6c887ac70f?s=96&d=mm&r=g\",\"caption\":\"JaleoMadrid\"},\"url\":\"https:\\\/\\\/jaleomadrid.com\\\/fr\\\/author\\\/jaleomadrid\\\/\"}]}<\/script>\n<!-- \/ Yoast SEO plugin. -->","yoast_head_json":{"title":"C\u00f3mo corregir mejor la expresi\u00f3n escrita en clase de espa\u00f1ol","description":"Il arrive que les professeurs d'espagnol aient besoin de beaucoup de temps pour corriger leurs cours. Dans cet article, nous vous aidons \u00e0 faire en sorte que ce travail soit facile et constructif pour vos \u00e9l\u00e8ves.","robots":{"index":"index","follow":"follow","max-snippet":"max-snippet:-1","max-image-preview":"max-image-preview:large","max-video-preview":"max-video-preview:-1"},"canonical":"https:\/\/jaleomadrid.com\/fr\/como-corregir-mejor-la-expresion-escrita-en-clase-de-espanol\/","og_locale":"fr_FR","og_type":"article","og_title":"C\u00f3mo corregir mejor la expresi\u00f3n escrita en clase de espa\u00f1ol","og_description":"A veces, a los profes de espa\u00f1ol les cuesta mucho corregir. En este post te ayudamos a que la tarea sea f\u00e1cil y constructiva para tus estudiantes.","og_url":"https:\/\/jaleomadrid.com\/fr\/como-corregir-mejor-la-expresion-escrita-en-clase-de-espanol\/","og_site_name":"Jaleo Madrid Spanish School","article_publisher":"https:\/\/www.facebook.com\/JaleoMad","article_published_time":"2019-03-13T19:21:51+00:00","article_modified_time":"2023-03-11T22:11:12+00:00","og_image":[{"width":1920,"height":1280,"url":"https:\/\/jaleomadrid.com\/wp-content\/uploads\/2023\/03\/writing-828911_1920.jpg","type":"image\/jpeg"}],"author":"JaleoMadrid","twitter_card":"summary_large_image","twitter_creator":"@Jaleo_Madrid","twitter_site":"@Jaleo_Madrid","twitter_misc":{"\u00c9crit par":"JaleoMadrid","Dur\u00e9e de lecture estim\u00e9e":"3 minutes"},"schema":{"@context":"https:\/\/schema.org","@graph":[{"@type":["Article","BlogPosting"],"@id":"https:\/\/jaleomadrid.com\/como-corregir-mejor-la-expresion-escrita-en-clase-de-espanol\/#article","isPartOf":{"@id":"https:\/\/jaleomadrid.com\/como-corregir-mejor-la-expresion-escrita-en-clase-de-espanol\/"},"author":{"name":"JaleoMadrid","@id":"https:\/\/jaleomadrid.com\/#\/schema\/person\/1aa4d134d7bd041edbadc70edafbadee"},"headline":"C\u00f3mo corregir mejor la expresi\u00f3n escrita en clase de espa\u00f1ol","datePublished":"2019-03-13T19:21:51+00:00","dateModified":"2023-03-11T22:11:12+00:00","mainEntityOfPage":{"@id":"https:\/\/jaleomadrid.com\/como-corregir-mejor-la-expresion-escrita-en-clase-de-espanol\/"},"wordCount":627,"publisher":{"@id":"https:\/\/jaleomadrid.com\/#organization"},"image":{"@id":"https:\/\/jaleomadrid.com\/como-corregir-mejor-la-expresion-escrita-en-clase-de-espanol\/#primaryimage"},"thumbnailUrl":"https:\/\/jaleomadrid.com\/wp-content\/uploads\/2023\/03\/writing-828911_1920.jpg","keywords":["correcci\u00f3n","escritura"],"articleSection":["Writing"],"inLanguage":"fr-FR"},{"@type":["WebPage","ItemPage"],"@id":"https:\/\/jaleomadrid.com\/como-corregir-mejor-la-expresion-escrita-en-clase-de-espanol\/","url":"https:\/\/jaleomadrid.com\/como-corregir-mejor-la-expresion-escrita-en-clase-de-espanol\/","name":"C\u00f3mo corregir mejor la expresi\u00f3n escrita en clase de espa\u00f1ol","isPartOf":{"@id":"https:\/\/jaleomadrid.com\/#website"},"primaryImageOfPage":{"@id":"https:\/\/jaleomadrid.com\/como-corregir-mejor-la-expresion-escrita-en-clase-de-espanol\/#primaryimage"},"image":{"@id":"https:\/\/jaleomadrid.com\/como-corregir-mejor-la-expresion-escrita-en-clase-de-espanol\/#primaryimage"},"thumbnailUrl":"https:\/\/jaleomadrid.com\/wp-content\/uploads\/2023\/03\/writing-828911_1920.jpg","datePublished":"2019-03-13T19:21:51+00:00","dateModified":"2023-03-11T22:11:12+00:00","description":"Il arrive que les professeurs d'espagnol aient besoin de beaucoup de temps pour corriger leurs cours. Dans cet article, nous vous aidons \u00e0 faire en sorte que ce travail soit facile et constructif pour vos \u00e9l\u00e8ves.","breadcrumb":{"@id":"https:\/\/jaleomadrid.com\/como-corregir-mejor-la-expresion-escrita-en-clase-de-espanol\/#breadcrumb"},"inLanguage":"fr-FR","potentialAction":[{"@type":"ReadAction","target":["https:\/\/jaleomadrid.com\/como-corregir-mejor-la-expresion-escrita-en-clase-de-espanol\/"]}]},{"@type":"ImageObject","inLanguage":"fr-FR","@id":"https:\/\/jaleomadrid.com\/como-corregir-mejor-la-expresion-escrita-en-clase-de-espanol\/#primaryimage","url":"https:\/\/jaleomadrid.com\/wp-content\/uploads\/2023\/03\/writing-828911_1920.jpg","contentUrl":"https:\/\/jaleomadrid.com\/wp-content\/uploads\/2023\/03\/writing-828911_1920.jpg","width":1500,"height":1000},{"@type":"BreadcrumbList","@id":"https:\/\/jaleomadrid.com\/como-corregir-mejor-la-expresion-escrita-en-clase-de-espanol\/#breadcrumb","itemListElement":[{"@type":"ListItem","position":1,"name":"Home","item":"https:\/\/jaleomadrid.com\/"},{"@type":"ListItem","position":2,"name":"Writing","item":"https:\/\/jaleomadrid.com\/category\/writing\/"},{"@type":"ListItem","position":3,"name":"C\u00f3mo corregir mejor la expresi\u00f3n escrita en clase de espa\u00f1ol"}]},{"@type":"WebSite","@id":"https:\/\/jaleomadrid.com\/#website","url":"https:\/\/jaleomadrid.com\/","name":"\u00c9cole d'espagnol Jaleo Madrid","description":"Une \u00e9cole d'espagnol fond\u00e9e par des professeurs d'espagnol","publisher":{"@id":"https:\/\/jaleomadrid.com\/#organization"},"potentialAction":[{"@type":"SearchAction","target":{"@type":"EntryPoint","urlTemplate":"https:\/\/jaleomadrid.com\/?s={search_term_string}"},"query-input":{"@type":"PropertyValueSpecification","valueRequired":true,"valueName":"search_term_string"}}],"inLanguage":"fr-FR"},{"@type":"Organization","@id":"https:\/\/jaleomadrid.com\/#organization","name":"\u00c9cole d'espagnol Jaleo Madrid","url":"https:\/\/jaleomadrid.com\/","logo":{"@type":"ImageObject","inLanguage":"fr-FR","@id":"https:\/\/jaleomadrid.com\/#\/schema\/logo\/image\/","url":"https:\/\/jaleomadrid.com\/wp-content\/uploads\/2023\/03\/logotipo-jaleo-madrid-spanish-school-square.jpg","contentUrl":"https:\/\/jaleomadrid.com\/wp-content\/uploads\/2023\/03\/logotipo-jaleo-madrid-spanish-school-square.jpg","width":1000,"height":1000,"caption":"Jaleo Madrid Spanish School"},"image":{"@id":"https:\/\/jaleomadrid.com\/#\/schema\/logo\/image\/"},"sameAs":["https:\/\/www.facebook.com\/JaleoMad","https:\/\/x.com\/Jaleo_Madrid","https:\/\/www.instagram.com\/jaleo_madrid\/","https:\/\/www.youtube.com\/channel\/UC7eSC6efjfRPuuawyJv-1mA"]},{"@type":"Person","@id":"https:\/\/jaleomadrid.com\/#\/schema\/person\/1aa4d134d7bd041edbadc70edafbadee","name":"JaleoMadrid","image":{"@type":"ImageObject","inLanguage":"fr-FR","@id":"https:\/\/secure.gravatar.com\/avatar\/058d5402d57882d5d77fc87b4ad4198b4c2366f88bf1fb134bec6a6c887ac70f?s=96&d=mm&r=g","url":"https:\/\/secure.gravatar.com\/avatar\/058d5402d57882d5d77fc87b4ad4198b4c2366f88bf1fb134bec6a6c887ac70f?s=96&d=mm&r=g","contentUrl":"https:\/\/secure.gravatar.com\/avatar\/058d5402d57882d5d77fc87b4ad4198b4c2366f88bf1fb134bec6a6c887ac70f?s=96&d=mm&r=g","caption":"JaleoMadrid"},"url":"https:\/\/jaleomadrid.com\/fr\/author\/jaleomadrid\/"}]}},"_links":{"self":[{"href":"https:\/\/jaleomadrid.com\/fr\/wp-json\/wp\/v2\/posts\/1705","targetHints":{"allow":["GET"]}}],"collection":[{"href":"https:\/\/jaleomadrid.com\/fr\/wp-json\/wp\/v2\/posts"}],"about":[{"href":"https:\/\/jaleomadrid.com\/fr\/wp-json\/wp\/v2\/types\/post"}],"author":[{"embeddable":true,"href":"https:\/\/jaleomadrid.com\/fr\/wp-json\/wp\/v2\/users\/2"}],"replies":[{"embeddable":true,"href":"https:\/\/jaleomadrid.com\/fr\/wp-json\/wp\/v2\/comments?post=1705"}],"version-history":[{"count":0,"href":"https:\/\/jaleomadrid.com\/fr\/wp-json\/wp\/v2\/posts\/1705\/revisions"}],"wp:featuredmedia":[{"embeddable":true,"href":"https:\/\/jaleomadrid.com\/fr\/wp-json\/wp\/v2\/media\/2856"}],"wp:attachment":[{"href":"https:\/\/jaleomadrid.com\/fr\/wp-json\/wp\/v2\/media?parent=1705"}],"wp:term":[{"taxonomy":"category","embeddable":true,"href":"https:\/\/jaleomadrid.com\/fr\/wp-json\/wp\/v2\/categories?post=1705"},{"taxonomy":"post_tag","embeddable":true,"href":"https:\/\/jaleomadrid.com\/fr\/wp-json\/wp\/v2\/tags?post=1705"}],"curies":[{"name":"wp","href":"https:\/\/api.w.org\/{rel}","templated":true}]}}