{"id":1778,"date":"2020-10-14T10:54:10","date_gmt":"2020-10-14T09:54:10","guid":{"rendered":"https:\/\/antiguo.jaleomadrid.com\/?p=1778"},"modified":"2023-03-11T23:10:49","modified_gmt":"2023-03-11T22:10:49","slug":"la-pesadilla-de-ir-y-venir-a-clase-de-espanol","status":"publish","type":"post","link":"https:\/\/jaleomadrid.com\/fr\/la-pesadilla-de-ir-y-venir-a-clase-de-espanol\/","title":{"rendered":"La pesadilla de \u201cir\u201d y \u201cvenir\u201d a clase de espa\u00f1ol"},"content":{"rendered":"<p>L'un des grands probl\u00e8mes en classe d'espagnol est la conjonction des quatre verbes \"ir\", \"venir\", \"traer\" et \"llevar\". <strong>Ces derniers nous aident \u00e0 d\u00e9finir le mouvement et le transport tout en provoquant une grande confusion chez nos \u00e9tudiants.<\/strong>. C'est pourquoi nous vous d\u00e9dions <a href=\"https:\/\/www.instagram.com\/p\/CGHsDUOHFDK\/\">une image du verbe \"llevar\" sur Instagram<\/a> y este post sobre los cuatro en nuestro blog.<\/p>\n<p>Pour pouvoir utiliser ces verbes, il faut d'abord les situer. De este modo hablaremos de dos espacios : \"aqu\u00ed\" et \"all\u00ed\". \"Aqu\u00ed\" est l'endroit o\u00f9 nous nous trouvons, nous qui parlons, et \"all\u00ed\" est le reste du monde.<\/p>\n<p><strong>Lorsque nous parlons de \"ir\" et de \"venir\", nous parlons simplement de mouvement, alors que lorsque nous parlons de \"llevar\" et de \"traer\", nous parlons de transport.<\/strong> (cosas, personas o animales). Ainsi, lorsque nous parlons de \"ir\" et de \"llevar\", nous parlons de nous diriger de \"aqu\u00ed\" \u00e0 \"all\u00ed\", m\u00eame si, dans le second cas, nous transportons quelque chose ou quelqu'un avec nous. Por ejemplo : <em>\"Cuando voy a clase, nunca me olvido de llevar el cuaderno\".<\/em>. Nuestra casa estar\u00eda \"aqu\u00ed\" y la clase estar\u00eda \"all\u00ed\".<\/p>\n<p>Au contraire, <strong>lorsque nous parlons de \"venir\" et de \"tra\u00eener\", ce que nous voulons dire, c'est que nous nous d\u00e9pla\u00e7ons de \"tout\" vers \"tout\".<\/strong>. Par exemple : <em>\"Cuando vengas a casa, no te olvides de traerme el libro que te dej\u00e9 hace un mes\"<\/em>. De nuevo, nuestra casa ser\u00eda la referencia de \"aqu\u00ed\" y la de nuestro amigo, \"all\u00ed\".<\/p>\n<p>A veces, \"aqu\u00ed\" es un concept futururo en nuestra cabeza. Par exemple, si ce soir vous allez au cin\u00e9ma et que vous voulez inviter quelqu'un, je lui dirai s'il veut venir avec moi, car pour moi, le cin\u00e9ma est \"l\u00e0\".<\/p>\n<p>Si vous souhaitez revenir sur ce concept, n'h\u00e9sitez pas \u00e0 vous rendre sur notre site Internet. <a href=\"https:\/\/www.instagram.com\/jaleo_madrid\/\">Instagram<\/a>. Si vous souhaitez parler de ce sujet ou d'autres th\u00e8mes, nous vous invitons \u00e0 nous contacter. <a href=\"https:\/\/antiguo.jaleomadrid.com\/spanish-conversation-classes\/\">un de nos cours<\/a>.<\/p>","protected":false},"excerpt":{"rendered":"<p>Uno de los grandes problemas en la clase de espa\u00f1ol es el conjunto de los cuatro verbos &#8220;ir&#8221;, &#8220;venir&#8221;, &#8220;traer&#8221; y &#8220;llevar&#8221;. Estos nos ayudan a definir el movimiento y el transporte a la vez que causan una gran confusi\u00f3n entre nuestros estudiantes. Por ese motivo le dedicamos una infograf\u00eda al verbo &#8220;llevar&#8221; en Instagram [&hellip;]<\/p>\n","protected":false},"author":2,"featured_media":3045,"comment_status":"closed","ping_status":"open","sticky":false,"template":"","format":"standard","meta":{"inline_featured_image":false,"footnotes":""},"categories":[72],"tags":[168,180,181,182,183,184],"class_list":["post-1778","post","type-post","status-publish","format-standard","has-post-thumbnail","hentry","category-vocabulary","tag-clase","tag-ir","tag-llevar","tag-traer","tag-venir","tag-verbos"],"yoast_head":"<!-- This site is optimized with the Yoast SEO plugin v27.5 - https:\/\/yoast.com\/product\/yoast-seo-wordpress\/ -->\n<title>La pesadilla de &quot;ir&quot; y &quot;venir&quot; a clase de espa\u00f1ol<\/title>\n<meta name=\"description\" content=\"Uno de los grandes problemas en la clase de espa\u00f1ol es el conjunto de los cuatro verbos de movimiento &quot;ir&quot;, &quot;venir&quot;, &quot;traer&quot; y &quot;llevar&quot;.\" \/>\n<meta name=\"robots\" content=\"index, follow, max-snippet:-1, max-image-preview:large, max-video-preview:-1\" \/>\n<link rel=\"canonical\" href=\"https:\/\/jaleomadrid.com\/fr\/la-pesadilla-de-ir-y-venir-a-clase-de-espanol\/\" \/>\n<meta property=\"og:locale\" content=\"fr_FR\" \/>\n<meta property=\"og:type\" content=\"article\" \/>\n<meta property=\"og:title\" content=\"La pesadilla de &quot;ir&quot; y &quot;venir&quot; a clase de espa\u00f1ol\" \/>\n<meta property=\"og:description\" content=\"Uno de los grandes problemas en la clase de espa\u00f1ol es el conjunto de los cuatro verbos de movimiento &quot;ir&quot;, &quot;venir&quot;, &quot;traer&quot; y &quot;llevar&quot;.\" \/>\n<meta property=\"og:url\" content=\"https:\/\/jaleomadrid.com\/fr\/la-pesadilla-de-ir-y-venir-a-clase-de-espanol\/\" \/>\n<meta property=\"og:site_name\" content=\"Jaleo Madrid Spanish School\" \/>\n<meta property=\"article:publisher\" content=\"https:\/\/www.facebook.com\/JaleoMad\" \/>\n<meta property=\"article:published_time\" content=\"2020-10-14T09:54:10+00:00\" \/>\n<meta property=\"article:modified_time\" content=\"2023-03-11T22:10:49+00:00\" \/>\n<meta property=\"og:image\" content=\"https:\/\/jaleomadrid.com\/wp-content\/uploads\/2023\/03\/ir_venir.png\" \/>\n\t<meta property=\"og:image:width\" content=\"1100\" \/>\n\t<meta property=\"og:image:height\" content=\"300\" \/>\n\t<meta property=\"og:image:type\" content=\"image\/png\" \/>\n<meta name=\"author\" content=\"JaleoMadrid\" \/>\n<meta name=\"twitter:card\" content=\"summary_large_image\" \/>\n<meta name=\"twitter:creator\" content=\"@Jaleo_Madrid\" \/>\n<meta name=\"twitter:site\" content=\"@Jaleo_Madrid\" \/>\n<meta name=\"twitter:label1\" content=\"\u00c9crit par\" \/>\n\t<meta name=\"twitter:data1\" content=\"JaleoMadrid\" \/>\n\t<meta name=\"twitter:label2\" content=\"Dur\u00e9e de lecture estim\u00e9e\" \/>\n\t<meta name=\"twitter:data2\" content=\"2 minutes\" \/>\n<script type=\"application\/ld+json\" class=\"yoast-schema-graph\">{\"@context\":\"https:\\\/\\\/schema.org\",\"@graph\":[{\"@type\":[\"Article\",\"BlogPosting\"],\"@id\":\"https:\\\/\\\/jaleomadrid.com\\\/la-pesadilla-de-ir-y-venir-a-clase-de-espanol\\\/#article\",\"isPartOf\":{\"@id\":\"https:\\\/\\\/jaleomadrid.com\\\/la-pesadilla-de-ir-y-venir-a-clase-de-espanol\\\/\"},\"author\":{\"name\":\"JaleoMadrid\",\"@id\":\"https:\\\/\\\/jaleomadrid.com\\\/#\\\/schema\\\/person\\\/1aa4d134d7bd041edbadc70edafbadee\"},\"headline\":\"La pesadilla de &#8220;ir&#8221; y &#8220;venir&#8221; a clase de espa\u00f1ol\",\"datePublished\":\"2020-10-14T09:54:10+00:00\",\"dateModified\":\"2023-03-11T22:10:49+00:00\",\"mainEntityOfPage\":{\"@id\":\"https:\\\/\\\/jaleomadrid.com\\\/la-pesadilla-de-ir-y-venir-a-clase-de-espanol\\\/\"},\"wordCount\":321,\"publisher\":{\"@id\":\"https:\\\/\\\/jaleomadrid.com\\\/#organization\"},\"image\":{\"@id\":\"https:\\\/\\\/jaleomadrid.com\\\/la-pesadilla-de-ir-y-venir-a-clase-de-espanol\\\/#primaryimage\"},\"thumbnailUrl\":\"https:\\\/\\\/jaleomadrid.com\\\/wp-content\\\/uploads\\\/2023\\\/03\\\/ir_venir.png\",\"keywords\":[\"clase\",\"ir\",\"llevar\",\"traer\",\"venir\",\"verbos\"],\"articleSection\":[\"Vocabulary\"],\"inLanguage\":\"fr-FR\"},{\"@type\":[\"WebPage\",\"ItemPage\"],\"@id\":\"https:\\\/\\\/jaleomadrid.com\\\/la-pesadilla-de-ir-y-venir-a-clase-de-espanol\\\/\",\"url\":\"https:\\\/\\\/jaleomadrid.com\\\/la-pesadilla-de-ir-y-venir-a-clase-de-espanol\\\/\",\"name\":\"La pesadilla de \\\"ir\\\" y \\\"venir\\\" a clase de espa\u00f1ol\",\"isPartOf\":{\"@id\":\"https:\\\/\\\/jaleomadrid.com\\\/#website\"},\"primaryImageOfPage\":{\"@id\":\"https:\\\/\\\/jaleomadrid.com\\\/la-pesadilla-de-ir-y-venir-a-clase-de-espanol\\\/#primaryimage\"},\"image\":{\"@id\":\"https:\\\/\\\/jaleomadrid.com\\\/la-pesadilla-de-ir-y-venir-a-clase-de-espanol\\\/#primaryimage\"},\"thumbnailUrl\":\"https:\\\/\\\/jaleomadrid.com\\\/wp-content\\\/uploads\\\/2023\\\/03\\\/ir_venir.png\",\"datePublished\":\"2020-10-14T09:54:10+00:00\",\"dateModified\":\"2023-03-11T22:10:49+00:00\",\"description\":\"Uno de los grandes problemas en la clase de espa\u00f1ol es el conjunto de los cuatro verbos de movimiento \\\"ir\\\", \\\"venir\\\", \\\"traer\\\" y \\\"llevar\\\".\",\"breadcrumb\":{\"@id\":\"https:\\\/\\\/jaleomadrid.com\\\/la-pesadilla-de-ir-y-venir-a-clase-de-espanol\\\/#breadcrumb\"},\"inLanguage\":\"fr-FR\",\"potentialAction\":[{\"@type\":\"ReadAction\",\"target\":[\"https:\\\/\\\/jaleomadrid.com\\\/la-pesadilla-de-ir-y-venir-a-clase-de-espanol\\\/\"]}]},{\"@type\":\"ImageObject\",\"inLanguage\":\"fr-FR\",\"@id\":\"https:\\\/\\\/jaleomadrid.com\\\/la-pesadilla-de-ir-y-venir-a-clase-de-espanol\\\/#primaryimage\",\"url\":\"https:\\\/\\\/jaleomadrid.com\\\/wp-content\\\/uploads\\\/2023\\\/03\\\/ir_venir.png\",\"contentUrl\":\"https:\\\/\\\/jaleomadrid.com\\\/wp-content\\\/uploads\\\/2023\\\/03\\\/ir_venir.png\",\"width\":1100,\"height\":300},{\"@type\":\"BreadcrumbList\",\"@id\":\"https:\\\/\\\/jaleomadrid.com\\\/la-pesadilla-de-ir-y-venir-a-clase-de-espanol\\\/#breadcrumb\",\"itemListElement\":[{\"@type\":\"ListItem\",\"position\":1,\"name\":\"Home\",\"item\":\"https:\\\/\\\/jaleomadrid.com\\\/\"},{\"@type\":\"ListItem\",\"position\":2,\"name\":\"Vocabulary\",\"item\":\"https:\\\/\\\/jaleomadrid.com\\\/category\\\/vocabulary\\\/\"},{\"@type\":\"ListItem\",\"position\":3,\"name\":\"La pesadilla de &#8220;ir&#8221; y &#8220;venir&#8221; a clase de espa\u00f1ol\"}]},{\"@type\":\"WebSite\",\"@id\":\"https:\\\/\\\/jaleomadrid.com\\\/#website\",\"url\":\"https:\\\/\\\/jaleomadrid.com\\\/\",\"name\":\"Jaleo Madrid Spanish School\",\"description\":\"A Spanish School Founded by Spanish Teachers\",\"publisher\":{\"@id\":\"https:\\\/\\\/jaleomadrid.com\\\/#organization\"},\"potentialAction\":[{\"@type\":\"SearchAction\",\"target\":{\"@type\":\"EntryPoint\",\"urlTemplate\":\"https:\\\/\\\/jaleomadrid.com\\\/?s={search_term_string}\"},\"query-input\":{\"@type\":\"PropertyValueSpecification\",\"valueRequired\":true,\"valueName\":\"search_term_string\"}}],\"inLanguage\":\"fr-FR\"},{\"@type\":\"Organization\",\"@id\":\"https:\\\/\\\/jaleomadrid.com\\\/#organization\",\"name\":\"Jaleo Madrid Spanish School\",\"url\":\"https:\\\/\\\/jaleomadrid.com\\\/\",\"logo\":{\"@type\":\"ImageObject\",\"inLanguage\":\"fr-FR\",\"@id\":\"https:\\\/\\\/jaleomadrid.com\\\/#\\\/schema\\\/logo\\\/image\\\/\",\"url\":\"https:\\\/\\\/jaleomadrid.com\\\/wp-content\\\/uploads\\\/2023\\\/03\\\/logotipo-jaleo-madrid-spanish-school-square.jpg\",\"contentUrl\":\"https:\\\/\\\/jaleomadrid.com\\\/wp-content\\\/uploads\\\/2023\\\/03\\\/logotipo-jaleo-madrid-spanish-school-square.jpg\",\"width\":1000,\"height\":1000,\"caption\":\"Jaleo Madrid Spanish School\"},\"image\":{\"@id\":\"https:\\\/\\\/jaleomadrid.com\\\/#\\\/schema\\\/logo\\\/image\\\/\"},\"sameAs\":[\"https:\\\/\\\/www.facebook.com\\\/JaleoMad\",\"https:\\\/\\\/x.com\\\/Jaleo_Madrid\",\"https:\\\/\\\/www.instagram.com\\\/jaleo_madrid\\\/\",\"https:\\\/\\\/www.youtube.com\\\/channel\\\/UC7eSC6efjfRPuuawyJv-1mA\"]},{\"@type\":\"Person\",\"@id\":\"https:\\\/\\\/jaleomadrid.com\\\/#\\\/schema\\\/person\\\/1aa4d134d7bd041edbadc70edafbadee\",\"name\":\"JaleoMadrid\",\"image\":{\"@type\":\"ImageObject\",\"inLanguage\":\"fr-FR\",\"@id\":\"https:\\\/\\\/secure.gravatar.com\\\/avatar\\\/058d5402d57882d5d77fc87b4ad4198b4c2366f88bf1fb134bec6a6c887ac70f?s=96&d=mm&r=g\",\"url\":\"https:\\\/\\\/secure.gravatar.com\\\/avatar\\\/058d5402d57882d5d77fc87b4ad4198b4c2366f88bf1fb134bec6a6c887ac70f?s=96&d=mm&r=g\",\"contentUrl\":\"https:\\\/\\\/secure.gravatar.com\\\/avatar\\\/058d5402d57882d5d77fc87b4ad4198b4c2366f88bf1fb134bec6a6c887ac70f?s=96&d=mm&r=g\",\"caption\":\"JaleoMadrid\"},\"url\":\"https:\\\/\\\/jaleomadrid.com\\\/fr\\\/author\\\/jaleomadrid\\\/\"}]}<\/script>\n<!-- \/ Yoast SEO plugin. -->","yoast_head_json":{"title":"La pesadilla de \"ir\" y \"venir\" a clase de espa\u00f1ol","description":"L'un des grands probl\u00e8mes en classe d'espagnol est la conjonction des quatre verbes de mouvement \"ir\", \"venir\", \"traer\" et \"llevar\".","robots":{"index":"index","follow":"follow","max-snippet":"max-snippet:-1","max-image-preview":"max-image-preview:large","max-video-preview":"max-video-preview:-1"},"canonical":"https:\/\/jaleomadrid.com\/fr\/la-pesadilla-de-ir-y-venir-a-clase-de-espanol\/","og_locale":"fr_FR","og_type":"article","og_title":"La pesadilla de \"ir\" y \"venir\" a clase de espa\u00f1ol","og_description":"Uno de los grandes problemas en la clase de espa\u00f1ol es el conjunto de los cuatro verbos de movimiento \"ir\", \"venir\", \"traer\" y \"llevar\".","og_url":"https:\/\/jaleomadrid.com\/fr\/la-pesadilla-de-ir-y-venir-a-clase-de-espanol\/","og_site_name":"Jaleo Madrid Spanish School","article_publisher":"https:\/\/www.facebook.com\/JaleoMad","article_published_time":"2020-10-14T09:54:10+00:00","article_modified_time":"2023-03-11T22:10:49+00:00","og_image":[{"width":1100,"height":300,"url":"https:\/\/jaleomadrid.com\/wp-content\/uploads\/2023\/03\/ir_venir.png","type":"image\/png"}],"author":"JaleoMadrid","twitter_card":"summary_large_image","twitter_creator":"@Jaleo_Madrid","twitter_site":"@Jaleo_Madrid","twitter_misc":{"\u00c9crit par":"JaleoMadrid","Dur\u00e9e de lecture estim\u00e9e":"2 minutes"},"schema":{"@context":"https:\/\/schema.org","@graph":[{"@type":["Article","BlogPosting"],"@id":"https:\/\/jaleomadrid.com\/la-pesadilla-de-ir-y-venir-a-clase-de-espanol\/#article","isPartOf":{"@id":"https:\/\/jaleomadrid.com\/la-pesadilla-de-ir-y-venir-a-clase-de-espanol\/"},"author":{"name":"JaleoMadrid","@id":"https:\/\/jaleomadrid.com\/#\/schema\/person\/1aa4d134d7bd041edbadc70edafbadee"},"headline":"La pesadilla de &#8220;ir&#8221; y &#8220;venir&#8221; a clase de espa\u00f1ol","datePublished":"2020-10-14T09:54:10+00:00","dateModified":"2023-03-11T22:10:49+00:00","mainEntityOfPage":{"@id":"https:\/\/jaleomadrid.com\/la-pesadilla-de-ir-y-venir-a-clase-de-espanol\/"},"wordCount":321,"publisher":{"@id":"https:\/\/jaleomadrid.com\/#organization"},"image":{"@id":"https:\/\/jaleomadrid.com\/la-pesadilla-de-ir-y-venir-a-clase-de-espanol\/#primaryimage"},"thumbnailUrl":"https:\/\/jaleomadrid.com\/wp-content\/uploads\/2023\/03\/ir_venir.png","keywords":["clase","ir","llevar","traer","venir","verbos"],"articleSection":["Vocabulary"],"inLanguage":"fr-FR"},{"@type":["WebPage","ItemPage"],"@id":"https:\/\/jaleomadrid.com\/la-pesadilla-de-ir-y-venir-a-clase-de-espanol\/","url":"https:\/\/jaleomadrid.com\/la-pesadilla-de-ir-y-venir-a-clase-de-espanol\/","name":"La pesadilla de \"ir\" y \"venir\" a clase de espa\u00f1ol","isPartOf":{"@id":"https:\/\/jaleomadrid.com\/#website"},"primaryImageOfPage":{"@id":"https:\/\/jaleomadrid.com\/la-pesadilla-de-ir-y-venir-a-clase-de-espanol\/#primaryimage"},"image":{"@id":"https:\/\/jaleomadrid.com\/la-pesadilla-de-ir-y-venir-a-clase-de-espanol\/#primaryimage"},"thumbnailUrl":"https:\/\/jaleomadrid.com\/wp-content\/uploads\/2023\/03\/ir_venir.png","datePublished":"2020-10-14T09:54:10+00:00","dateModified":"2023-03-11T22:10:49+00:00","description":"L'un des grands probl\u00e8mes en classe d'espagnol est la conjonction des quatre verbes de mouvement \"ir\", \"venir\", \"traer\" et \"llevar\".","breadcrumb":{"@id":"https:\/\/jaleomadrid.com\/la-pesadilla-de-ir-y-venir-a-clase-de-espanol\/#breadcrumb"},"inLanguage":"fr-FR","potentialAction":[{"@type":"ReadAction","target":["https:\/\/jaleomadrid.com\/la-pesadilla-de-ir-y-venir-a-clase-de-espanol\/"]}]},{"@type":"ImageObject","inLanguage":"fr-FR","@id":"https:\/\/jaleomadrid.com\/la-pesadilla-de-ir-y-venir-a-clase-de-espanol\/#primaryimage","url":"https:\/\/jaleomadrid.com\/wp-content\/uploads\/2023\/03\/ir_venir.png","contentUrl":"https:\/\/jaleomadrid.com\/wp-content\/uploads\/2023\/03\/ir_venir.png","width":1100,"height":300},{"@type":"BreadcrumbList","@id":"https:\/\/jaleomadrid.com\/la-pesadilla-de-ir-y-venir-a-clase-de-espanol\/#breadcrumb","itemListElement":[{"@type":"ListItem","position":1,"name":"Home","item":"https:\/\/jaleomadrid.com\/"},{"@type":"ListItem","position":2,"name":"Vocabulary","item":"https:\/\/jaleomadrid.com\/category\/vocabulary\/"},{"@type":"ListItem","position":3,"name":"La pesadilla de &#8220;ir&#8221; y &#8220;venir&#8221; a clase de espa\u00f1ol"}]},{"@type":"WebSite","@id":"https:\/\/jaleomadrid.com\/#website","url":"https:\/\/jaleomadrid.com\/","name":"\u00c9cole d'espagnol Jaleo Madrid","description":"Une \u00e9cole d'espagnol fond\u00e9e par des professeurs d'espagnol","publisher":{"@id":"https:\/\/jaleomadrid.com\/#organization"},"potentialAction":[{"@type":"SearchAction","target":{"@type":"EntryPoint","urlTemplate":"https:\/\/jaleomadrid.com\/?s={search_term_string}"},"query-input":{"@type":"PropertyValueSpecification","valueRequired":true,"valueName":"search_term_string"}}],"inLanguage":"fr-FR"},{"@type":"Organization","@id":"https:\/\/jaleomadrid.com\/#organization","name":"\u00c9cole d'espagnol Jaleo Madrid","url":"https:\/\/jaleomadrid.com\/","logo":{"@type":"ImageObject","inLanguage":"fr-FR","@id":"https:\/\/jaleomadrid.com\/#\/schema\/logo\/image\/","url":"https:\/\/jaleomadrid.com\/wp-content\/uploads\/2023\/03\/logotipo-jaleo-madrid-spanish-school-square.jpg","contentUrl":"https:\/\/jaleomadrid.com\/wp-content\/uploads\/2023\/03\/logotipo-jaleo-madrid-spanish-school-square.jpg","width":1000,"height":1000,"caption":"Jaleo Madrid Spanish School"},"image":{"@id":"https:\/\/jaleomadrid.com\/#\/schema\/logo\/image\/"},"sameAs":["https:\/\/www.facebook.com\/JaleoMad","https:\/\/x.com\/Jaleo_Madrid","https:\/\/www.instagram.com\/jaleo_madrid\/","https:\/\/www.youtube.com\/channel\/UC7eSC6efjfRPuuawyJv-1mA"]},{"@type":"Person","@id":"https:\/\/jaleomadrid.com\/#\/schema\/person\/1aa4d134d7bd041edbadc70edafbadee","name":"JaleoMadrid","image":{"@type":"ImageObject","inLanguage":"fr-FR","@id":"https:\/\/secure.gravatar.com\/avatar\/058d5402d57882d5d77fc87b4ad4198b4c2366f88bf1fb134bec6a6c887ac70f?s=96&d=mm&r=g","url":"https:\/\/secure.gravatar.com\/avatar\/058d5402d57882d5d77fc87b4ad4198b4c2366f88bf1fb134bec6a6c887ac70f?s=96&d=mm&r=g","contentUrl":"https:\/\/secure.gravatar.com\/avatar\/058d5402d57882d5d77fc87b4ad4198b4c2366f88bf1fb134bec6a6c887ac70f?s=96&d=mm&r=g","caption":"JaleoMadrid"},"url":"https:\/\/jaleomadrid.com\/fr\/author\/jaleomadrid\/"}]}},"_links":{"self":[{"href":"https:\/\/jaleomadrid.com\/fr\/wp-json\/wp\/v2\/posts\/1778","targetHints":{"allow":["GET"]}}],"collection":[{"href":"https:\/\/jaleomadrid.com\/fr\/wp-json\/wp\/v2\/posts"}],"about":[{"href":"https:\/\/jaleomadrid.com\/fr\/wp-json\/wp\/v2\/types\/post"}],"author":[{"embeddable":true,"href":"https:\/\/jaleomadrid.com\/fr\/wp-json\/wp\/v2\/users\/2"}],"replies":[{"embeddable":true,"href":"https:\/\/jaleomadrid.com\/fr\/wp-json\/wp\/v2\/comments?post=1778"}],"version-history":[{"count":0,"href":"https:\/\/jaleomadrid.com\/fr\/wp-json\/wp\/v2\/posts\/1778\/revisions"}],"wp:featuredmedia":[{"embeddable":true,"href":"https:\/\/jaleomadrid.com\/fr\/wp-json\/wp\/v2\/media\/3045"}],"wp:attachment":[{"href":"https:\/\/jaleomadrid.com\/fr\/wp-json\/wp\/v2\/media?parent=1778"}],"wp:term":[{"taxonomy":"category","embeddable":true,"href":"https:\/\/jaleomadrid.com\/fr\/wp-json\/wp\/v2\/categories?post=1778"},{"taxonomy":"post_tag","embeddable":true,"href":"https:\/\/jaleomadrid.com\/fr\/wp-json\/wp\/v2\/tags?post=1778"}],"curies":[{"name":"wp","href":"https:\/\/api.w.org\/{rel}","templated":true}]}}