{"id":1995,"date":"2021-05-05T17:00:34","date_gmt":"2021-05-05T16:00:34","guid":{"rendered":"https:\/\/antiguo.jaleomadrid.com\/?p=1995"},"modified":"2023-03-11T23:10:44","modified_gmt":"2023-03-11T22:10:44","slug":"jaleo-madrid-cumple-dos-anos-y-nos-regalamos-una-nueva-socia","status":"publish","type":"post","link":"https:\/\/jaleomadrid.com\/fr\/jaleo-madrid-cumple-dos-anos-y-nos-regalamos-una-nueva-socia\/","title":{"rendered":"Jaleo Madrid cumple dos a\u00f1os y nos regalamos una nueva socia"},"content":{"rendered":"<p>L'avantage de Jaleo, c'est que notre \u00e9cole n'a pas de f\u00eate unique. Dans notre t\u00eate, il y a l'enregistrement du nombre dans les r\u00e9seaux sociaux, le moment o\u00f9 l'on nous a demand\u00e9 de fixer le dernier papier, le moment o\u00f9 l'on a ouvert le site web... et, bien s\u00fbr, l'anniversaire o\u00f9 l'on a termin\u00e9 - pour de bon - la derni\u00e8re \u00e9tape du travail.<\/p>\n<p>C'est pr\u00e9cis\u00e9ment en avril qu'a \u00e9t\u00e9 c\u00e9l\u00e9br\u00e9 le deuxi\u00e8me anniversaire de ce choix. <strong>Cinq mois se sont \u00e9coul\u00e9s depuis que nous nous sommes officiellement retir\u00e9s du march\u00e9 du travail et, en r\u00e9alit\u00e9, nous ne pouvons pas \u00eatre plus satisfaits.<\/strong>. Nous avons r\u00e9ussi \u00e0 r\u00e9sister, \u00e0 augmenter le nombre d'\u00e9tudiants et \u00e0 nous d\u00e9velopper tant au niveau professionnel que personnel. Jam\u00e1s hab\u00edamos aprendido tanto.<\/p>\n<p>Bien que notre id\u00e9e soit d'\u00e9tablir un contact personnel avec l'\u00e9tudiant, la moiti\u00e9 de notre cheminement s'est fait par le biais d'un \u00e9cran. Heureusement, la g\u00e9n\u00e9rosit\u00e9 de nos \u00e9l\u00e8ves s'est accrue ces derniers temps et se refl\u00e8te dans les \u00e9l\u00e9ments suivants <a href=\"https:\/\/www.google.com\/search?channel=fs&amp;client=ubuntu&amp;q=jaleo+madrid+reviews#lrd=0xd422f0673a5f3c5:0xc4326b9bd62d1699,1,,,\">Chacune des recherches que nous avons effectu\u00e9es au cours de l'ann\u00e9e \u00e9coul\u00e9e<\/a>. Leerlas nos hace aumentar las ganas de abrazarlos en cuanto podamos volver a la normalidad.<\/p>\n<p>Bien que notre mariage ait eu lieu le mois dernier, nous aimerions attendre un peu plus longtemps avant de vous annoncer quelque chose. C'est compliqu\u00e9 en ce moment, mais nous avons d\u00e9cid\u00e9 d'agrandir la famille. \u00c0 partir de cette semaine, nous ne serons plus trois professeurs, mais quatre. <strong>La famille de la coop\u00e9rative s'agrandit avec une nouvelle soci\u00e9t\u00e9 : Susana<\/strong>.<\/p>\n<p>Aunque vosotros no la conozc\u00e1is, <strong>Susana a une grande exp\u00e9rience en tant que professeur d'espagnol.<\/strong>. De plus, dans nos moments les plus sombres, nous avons toujours \u00e9t\u00e9 illumin\u00e9s par son soutien. Pour ces raisons, nous sommes convaincus qu'il est n\u00e9cessaire de travailler avec nous pour que cette profession soit digne et qu'elle ne soit pas seulement un moyen de gagner de l'argent pour ceux qui ne savent pas faire la diff\u00e9rence entre l'indicatif et le subjonctif.<\/p>\n<p>Nous ne voulons pas terminer ce billet sans remercier tous ceux qui nous ont aid\u00e9s d'une mani\u00e8re ou d'une autre. Il y en a tant que nous aurions besoin d'un livre pour le faire. Muchas gracias y os esperamos por aqu\u00ed para nuestro tercer cumplea\u00f1os.<\/p>","protected":false},"excerpt":{"rendered":"<p>Algo bueno de Jaleo es que nuestra escuela no tiene un \u00fanico cumplea\u00f1os. En nuestra cabeza tenemos el registro del nombre en las redes sociales, cuando nos llevaron a firmar el vig\u00e9simo quinto papel, cuando abrimos la web&#8230; y, claro, el aniversario de cuando cerramos &#8211; forzosamente &#8211; nuestra anterior etapa laboral. Precisamente, en abril [&hellip;]<\/p>\n","protected":false},"author":2,"featured_media":3060,"comment_status":"closed","ping_status":"open","sticky":false,"template":"","format":"standard","meta":{"inline_featured_image":false,"footnotes":""},"categories":[136],"tags":[203,115,204],"class_list":["post-1995","post","type-post","status-publish","format-standard","has-post-thumbnail","hentry","category-classes","tag-escuela","tag-jaleo","tag-socia"],"yoast_head":"<!-- This site is optimized with the Yoast SEO plugin v27.5 - https:\/\/yoast.com\/product\/yoast-seo-wordpress\/ -->\n<title>Jaleo Madrid cumple dos a\u00f1os y nos regalamos una nueva socia<\/title>\n<meta name=\"description\" content=\"Han pasado ya veinticuatro meses desde que salimos oficialmente del armario laboral y la verdad es que no podemos estar m\u00e1s contentos.\" \/>\n<meta name=\"robots\" content=\"index, follow, max-snippet:-1, max-image-preview:large, max-video-preview:-1\" \/>\n<link rel=\"canonical\" href=\"https:\/\/jaleomadrid.com\/fr\/jaleo-madrid-cumple-dos-anos-y-nos-regalamos-una-nueva-socia\/\" \/>\n<meta property=\"og:locale\" content=\"fr_FR\" \/>\n<meta property=\"og:type\" content=\"article\" \/>\n<meta property=\"og:title\" content=\"Jaleo Madrid cumple dos a\u00f1os y nos regalamos una nueva socia\" \/>\n<meta property=\"og:description\" content=\"Han pasado ya veinticuatro meses desde que salimos oficialmente del armario laboral y la verdad es que no podemos estar m\u00e1s contentos.\" \/>\n<meta property=\"og:url\" content=\"https:\/\/jaleomadrid.com\/fr\/jaleo-madrid-cumple-dos-anos-y-nos-regalamos-una-nueva-socia\/\" \/>\n<meta property=\"og:site_name\" content=\"Jaleo Madrid Spanish School\" \/>\n<meta property=\"article:publisher\" content=\"https:\/\/www.facebook.com\/JaleoMad\" \/>\n<meta property=\"article:published_time\" content=\"2021-05-05T16:00:34+00:00\" \/>\n<meta property=\"article:modified_time\" content=\"2023-03-11T22:10:44+00:00\" \/>\n<meta property=\"og:image\" content=\"https:\/\/jaleomadrid.com\/wp-content\/uploads\/2023\/03\/jaleo_madrid_dos.jpg\" \/>\n\t<meta property=\"og:image:width\" content=\"1920\" \/>\n\t<meta property=\"og:image:height\" content=\"1280\" \/>\n\t<meta property=\"og:image:type\" content=\"image\/jpeg\" \/>\n<meta name=\"author\" content=\"JaleoMadrid\" \/>\n<meta name=\"twitter:card\" content=\"summary_large_image\" \/>\n<meta name=\"twitter:creator\" content=\"@Jaleo_Madrid\" \/>\n<meta name=\"twitter:site\" content=\"@Jaleo_Madrid\" \/>\n<meta name=\"twitter:label1\" content=\"\u00c9crit par\" \/>\n\t<meta name=\"twitter:data1\" content=\"JaleoMadrid\" \/>\n\t<meta name=\"twitter:label2\" content=\"Dur\u00e9e de lecture estim\u00e9e\" \/>\n\t<meta name=\"twitter:data2\" content=\"2 minutes\" \/>\n<script type=\"application\/ld+json\" class=\"yoast-schema-graph\">{\"@context\":\"https:\\\/\\\/schema.org\",\"@graph\":[{\"@type\":[\"Article\",\"BlogPosting\"],\"@id\":\"https:\\\/\\\/jaleomadrid.com\\\/jaleo-madrid-cumple-dos-anos-y-nos-regalamos-una-nueva-socia\\\/#article\",\"isPartOf\":{\"@id\":\"https:\\\/\\\/jaleomadrid.com\\\/jaleo-madrid-cumple-dos-anos-y-nos-regalamos-una-nueva-socia\\\/\"},\"author\":{\"name\":\"JaleoMadrid\",\"@id\":\"https:\\\/\\\/jaleomadrid.com\\\/#\\\/schema\\\/person\\\/1aa4d134d7bd041edbadc70edafbadee\"},\"headline\":\"Jaleo Madrid cumple dos a\u00f1os y nos regalamos una nueva socia\",\"datePublished\":\"2021-05-05T16:00:34+00:00\",\"dateModified\":\"2023-03-11T22:10:44+00:00\",\"mainEntityOfPage\":{\"@id\":\"https:\\\/\\\/jaleomadrid.com\\\/jaleo-madrid-cumple-dos-anos-y-nos-regalamos-una-nueva-socia\\\/\"},\"wordCount\":375,\"publisher\":{\"@id\":\"https:\\\/\\\/jaleomadrid.com\\\/#organization\"},\"image\":{\"@id\":\"https:\\\/\\\/jaleomadrid.com\\\/jaleo-madrid-cumple-dos-anos-y-nos-regalamos-una-nueva-socia\\\/#primaryimage\"},\"thumbnailUrl\":\"https:\\\/\\\/jaleomadrid.com\\\/wp-content\\\/uploads\\\/2023\\\/03\\\/jaleo_madrid_dos.jpg\",\"keywords\":[\"escuela\",\"jaleo\",\"socia\"],\"articleSection\":[\"Classes\"],\"inLanguage\":\"fr-FR\"},{\"@type\":[\"WebPage\",\"ItemPage\"],\"@id\":\"https:\\\/\\\/jaleomadrid.com\\\/jaleo-madrid-cumple-dos-anos-y-nos-regalamos-una-nueva-socia\\\/\",\"url\":\"https:\\\/\\\/jaleomadrid.com\\\/jaleo-madrid-cumple-dos-anos-y-nos-regalamos-una-nueva-socia\\\/\",\"name\":\"Jaleo Madrid cumple dos a\u00f1os y nos regalamos una nueva socia\",\"isPartOf\":{\"@id\":\"https:\\\/\\\/jaleomadrid.com\\\/#website\"},\"primaryImageOfPage\":{\"@id\":\"https:\\\/\\\/jaleomadrid.com\\\/jaleo-madrid-cumple-dos-anos-y-nos-regalamos-una-nueva-socia\\\/#primaryimage\"},\"image\":{\"@id\":\"https:\\\/\\\/jaleomadrid.com\\\/jaleo-madrid-cumple-dos-anos-y-nos-regalamos-una-nueva-socia\\\/#primaryimage\"},\"thumbnailUrl\":\"https:\\\/\\\/jaleomadrid.com\\\/wp-content\\\/uploads\\\/2023\\\/03\\\/jaleo_madrid_dos.jpg\",\"datePublished\":\"2021-05-05T16:00:34+00:00\",\"dateModified\":\"2023-03-11T22:10:44+00:00\",\"description\":\"Han pasado ya veinticuatro meses desde que salimos oficialmente del armario laboral y la verdad es que no podemos estar m\u00e1s contentos.\",\"breadcrumb\":{\"@id\":\"https:\\\/\\\/jaleomadrid.com\\\/jaleo-madrid-cumple-dos-anos-y-nos-regalamos-una-nueva-socia\\\/#breadcrumb\"},\"inLanguage\":\"fr-FR\",\"potentialAction\":[{\"@type\":\"ReadAction\",\"target\":[\"https:\\\/\\\/jaleomadrid.com\\\/jaleo-madrid-cumple-dos-anos-y-nos-regalamos-una-nueva-socia\\\/\"]}]},{\"@type\":\"ImageObject\",\"inLanguage\":\"fr-FR\",\"@id\":\"https:\\\/\\\/jaleomadrid.com\\\/jaleo-madrid-cumple-dos-anos-y-nos-regalamos-una-nueva-socia\\\/#primaryimage\",\"url\":\"https:\\\/\\\/jaleomadrid.com\\\/wp-content\\\/uploads\\\/2023\\\/03\\\/jaleo_madrid_dos.jpg\",\"contentUrl\":\"https:\\\/\\\/jaleomadrid.com\\\/wp-content\\\/uploads\\\/2023\\\/03\\\/jaleo_madrid_dos.jpg\",\"width\":1500,\"height\":1000},{\"@type\":\"BreadcrumbList\",\"@id\":\"https:\\\/\\\/jaleomadrid.com\\\/jaleo-madrid-cumple-dos-anos-y-nos-regalamos-una-nueva-socia\\\/#breadcrumb\",\"itemListElement\":[{\"@type\":\"ListItem\",\"position\":1,\"name\":\"Home\",\"item\":\"https:\\\/\\\/jaleomadrid.com\\\/\"},{\"@type\":\"ListItem\",\"position\":2,\"name\":\"jaleo\",\"item\":\"https:\\\/\\\/jaleomadrid.com\\\/es\\\/tag\\\/jaleo\\\/\"},{\"@type\":\"ListItem\",\"position\":3,\"name\":\"Jaleo Madrid cumple dos a\u00f1os y nos regalamos una nueva socia\"}]},{\"@type\":\"WebSite\",\"@id\":\"https:\\\/\\\/jaleomadrid.com\\\/#website\",\"url\":\"https:\\\/\\\/jaleomadrid.com\\\/\",\"name\":\"Jaleo Madrid Spanish School\",\"description\":\"A Spanish School Founded by Spanish Teachers\",\"publisher\":{\"@id\":\"https:\\\/\\\/jaleomadrid.com\\\/#organization\"},\"potentialAction\":[{\"@type\":\"SearchAction\",\"target\":{\"@type\":\"EntryPoint\",\"urlTemplate\":\"https:\\\/\\\/jaleomadrid.com\\\/?s={search_term_string}\"},\"query-input\":{\"@type\":\"PropertyValueSpecification\",\"valueRequired\":true,\"valueName\":\"search_term_string\"}}],\"inLanguage\":\"fr-FR\"},{\"@type\":\"Organization\",\"@id\":\"https:\\\/\\\/jaleomadrid.com\\\/#organization\",\"name\":\"Jaleo Madrid Spanish School\",\"url\":\"https:\\\/\\\/jaleomadrid.com\\\/\",\"logo\":{\"@type\":\"ImageObject\",\"inLanguage\":\"fr-FR\",\"@id\":\"https:\\\/\\\/jaleomadrid.com\\\/#\\\/schema\\\/logo\\\/image\\\/\",\"url\":\"https:\\\/\\\/jaleomadrid.com\\\/wp-content\\\/uploads\\\/2023\\\/03\\\/logotipo-jaleo-madrid-spanish-school-square.jpg\",\"contentUrl\":\"https:\\\/\\\/jaleomadrid.com\\\/wp-content\\\/uploads\\\/2023\\\/03\\\/logotipo-jaleo-madrid-spanish-school-square.jpg\",\"width\":1000,\"height\":1000,\"caption\":\"Jaleo Madrid Spanish School\"},\"image\":{\"@id\":\"https:\\\/\\\/jaleomadrid.com\\\/#\\\/schema\\\/logo\\\/image\\\/\"},\"sameAs\":[\"https:\\\/\\\/www.facebook.com\\\/JaleoMad\",\"https:\\\/\\\/x.com\\\/Jaleo_Madrid\",\"https:\\\/\\\/www.instagram.com\\\/jaleo_madrid\\\/\",\"https:\\\/\\\/www.youtube.com\\\/channel\\\/UC7eSC6efjfRPuuawyJv-1mA\"]},{\"@type\":\"Person\",\"@id\":\"https:\\\/\\\/jaleomadrid.com\\\/#\\\/schema\\\/person\\\/1aa4d134d7bd041edbadc70edafbadee\",\"name\":\"JaleoMadrid\",\"image\":{\"@type\":\"ImageObject\",\"inLanguage\":\"fr-FR\",\"@id\":\"https:\\\/\\\/secure.gravatar.com\\\/avatar\\\/058d5402d57882d5d77fc87b4ad4198b4c2366f88bf1fb134bec6a6c887ac70f?s=96&d=mm&r=g\",\"url\":\"https:\\\/\\\/secure.gravatar.com\\\/avatar\\\/058d5402d57882d5d77fc87b4ad4198b4c2366f88bf1fb134bec6a6c887ac70f?s=96&d=mm&r=g\",\"contentUrl\":\"https:\\\/\\\/secure.gravatar.com\\\/avatar\\\/058d5402d57882d5d77fc87b4ad4198b4c2366f88bf1fb134bec6a6c887ac70f?s=96&d=mm&r=g\",\"caption\":\"JaleoMadrid\"},\"url\":\"https:\\\/\\\/jaleomadrid.com\\\/fr\\\/author\\\/jaleomadrid\\\/\"}]}<\/script>\n<!-- \/ Yoast SEO plugin. -->","yoast_head_json":{"title":"Jaleo Madrid cumple dos a\u00f1os y nos regalamos una nueva socia","description":"Il s'est \u00e9coul\u00e9 plus de cinq mois depuis que nous nous sommes officiellement retir\u00e9s du march\u00e9 du travail et, en r\u00e9alit\u00e9, nous ne pouvons pas \u00eatre plus satisfaits.","robots":{"index":"index","follow":"follow","max-snippet":"max-snippet:-1","max-image-preview":"max-image-preview:large","max-video-preview":"max-video-preview:-1"},"canonical":"https:\/\/jaleomadrid.com\/fr\/jaleo-madrid-cumple-dos-anos-y-nos-regalamos-una-nueva-socia\/","og_locale":"fr_FR","og_type":"article","og_title":"Jaleo Madrid cumple dos a\u00f1os y nos regalamos una nueva socia","og_description":"Han pasado ya veinticuatro meses desde que salimos oficialmente del armario laboral y la verdad es que no podemos estar m\u00e1s contentos.","og_url":"https:\/\/jaleomadrid.com\/fr\/jaleo-madrid-cumple-dos-anos-y-nos-regalamos-una-nueva-socia\/","og_site_name":"Jaleo Madrid Spanish School","article_publisher":"https:\/\/www.facebook.com\/JaleoMad","article_published_time":"2021-05-05T16:00:34+00:00","article_modified_time":"2023-03-11T22:10:44+00:00","og_image":[{"width":1920,"height":1280,"url":"https:\/\/jaleomadrid.com\/wp-content\/uploads\/2023\/03\/jaleo_madrid_dos.jpg","type":"image\/jpeg"}],"author":"JaleoMadrid","twitter_card":"summary_large_image","twitter_creator":"@Jaleo_Madrid","twitter_site":"@Jaleo_Madrid","twitter_misc":{"\u00c9crit par":"JaleoMadrid","Dur\u00e9e de lecture estim\u00e9e":"2 minutes"},"schema":{"@context":"https:\/\/schema.org","@graph":[{"@type":["Article","BlogPosting"],"@id":"https:\/\/jaleomadrid.com\/jaleo-madrid-cumple-dos-anos-y-nos-regalamos-una-nueva-socia\/#article","isPartOf":{"@id":"https:\/\/jaleomadrid.com\/jaleo-madrid-cumple-dos-anos-y-nos-regalamos-una-nueva-socia\/"},"author":{"name":"JaleoMadrid","@id":"https:\/\/jaleomadrid.com\/#\/schema\/person\/1aa4d134d7bd041edbadc70edafbadee"},"headline":"Jaleo Madrid cumple dos a\u00f1os y nos regalamos una nueva socia","datePublished":"2021-05-05T16:00:34+00:00","dateModified":"2023-03-11T22:10:44+00:00","mainEntityOfPage":{"@id":"https:\/\/jaleomadrid.com\/jaleo-madrid-cumple-dos-anos-y-nos-regalamos-una-nueva-socia\/"},"wordCount":375,"publisher":{"@id":"https:\/\/jaleomadrid.com\/#organization"},"image":{"@id":"https:\/\/jaleomadrid.com\/jaleo-madrid-cumple-dos-anos-y-nos-regalamos-una-nueva-socia\/#primaryimage"},"thumbnailUrl":"https:\/\/jaleomadrid.com\/wp-content\/uploads\/2023\/03\/jaleo_madrid_dos.jpg","keywords":["escuela","jaleo","socia"],"articleSection":["Classes"],"inLanguage":"fr-FR"},{"@type":["WebPage","ItemPage"],"@id":"https:\/\/jaleomadrid.com\/jaleo-madrid-cumple-dos-anos-y-nos-regalamos-una-nueva-socia\/","url":"https:\/\/jaleomadrid.com\/jaleo-madrid-cumple-dos-anos-y-nos-regalamos-una-nueva-socia\/","name":"Jaleo Madrid cumple dos a\u00f1os y nos regalamos una nueva socia","isPartOf":{"@id":"https:\/\/jaleomadrid.com\/#website"},"primaryImageOfPage":{"@id":"https:\/\/jaleomadrid.com\/jaleo-madrid-cumple-dos-anos-y-nos-regalamos-una-nueva-socia\/#primaryimage"},"image":{"@id":"https:\/\/jaleomadrid.com\/jaleo-madrid-cumple-dos-anos-y-nos-regalamos-una-nueva-socia\/#primaryimage"},"thumbnailUrl":"https:\/\/jaleomadrid.com\/wp-content\/uploads\/2023\/03\/jaleo_madrid_dos.jpg","datePublished":"2021-05-05T16:00:34+00:00","dateModified":"2023-03-11T22:10:44+00:00","description":"Il s'est \u00e9coul\u00e9 plus de cinq mois depuis que nous nous sommes officiellement retir\u00e9s du march\u00e9 du travail et, en r\u00e9alit\u00e9, nous ne pouvons pas \u00eatre plus satisfaits.","breadcrumb":{"@id":"https:\/\/jaleomadrid.com\/jaleo-madrid-cumple-dos-anos-y-nos-regalamos-una-nueva-socia\/#breadcrumb"},"inLanguage":"fr-FR","potentialAction":[{"@type":"ReadAction","target":["https:\/\/jaleomadrid.com\/jaleo-madrid-cumple-dos-anos-y-nos-regalamos-una-nueva-socia\/"]}]},{"@type":"ImageObject","inLanguage":"fr-FR","@id":"https:\/\/jaleomadrid.com\/jaleo-madrid-cumple-dos-anos-y-nos-regalamos-una-nueva-socia\/#primaryimage","url":"https:\/\/jaleomadrid.com\/wp-content\/uploads\/2023\/03\/jaleo_madrid_dos.jpg","contentUrl":"https:\/\/jaleomadrid.com\/wp-content\/uploads\/2023\/03\/jaleo_madrid_dos.jpg","width":1500,"height":1000},{"@type":"BreadcrumbList","@id":"https:\/\/jaleomadrid.com\/jaleo-madrid-cumple-dos-anos-y-nos-regalamos-una-nueva-socia\/#breadcrumb","itemListElement":[{"@type":"ListItem","position":1,"name":"Home","item":"https:\/\/jaleomadrid.com\/"},{"@type":"ListItem","position":2,"name":"jaleo","item":"https:\/\/jaleomadrid.com\/es\/tag\/jaleo\/"},{"@type":"ListItem","position":3,"name":"Jaleo Madrid cumple dos a\u00f1os y nos regalamos una nueva socia"}]},{"@type":"WebSite","@id":"https:\/\/jaleomadrid.com\/#website","url":"https:\/\/jaleomadrid.com\/","name":"\u00c9cole d'espagnol Jaleo Madrid","description":"Une \u00e9cole d'espagnol fond\u00e9e par des professeurs d'espagnol","publisher":{"@id":"https:\/\/jaleomadrid.com\/#organization"},"potentialAction":[{"@type":"SearchAction","target":{"@type":"EntryPoint","urlTemplate":"https:\/\/jaleomadrid.com\/?s={search_term_string}"},"query-input":{"@type":"PropertyValueSpecification","valueRequired":true,"valueName":"search_term_string"}}],"inLanguage":"fr-FR"},{"@type":"Organization","@id":"https:\/\/jaleomadrid.com\/#organization","name":"\u00c9cole d'espagnol Jaleo Madrid","url":"https:\/\/jaleomadrid.com\/","logo":{"@type":"ImageObject","inLanguage":"fr-FR","@id":"https:\/\/jaleomadrid.com\/#\/schema\/logo\/image\/","url":"https:\/\/jaleomadrid.com\/wp-content\/uploads\/2023\/03\/logotipo-jaleo-madrid-spanish-school-square.jpg","contentUrl":"https:\/\/jaleomadrid.com\/wp-content\/uploads\/2023\/03\/logotipo-jaleo-madrid-spanish-school-square.jpg","width":1000,"height":1000,"caption":"Jaleo Madrid Spanish School"},"image":{"@id":"https:\/\/jaleomadrid.com\/#\/schema\/logo\/image\/"},"sameAs":["https:\/\/www.facebook.com\/JaleoMad","https:\/\/x.com\/Jaleo_Madrid","https:\/\/www.instagram.com\/jaleo_madrid\/","https:\/\/www.youtube.com\/channel\/UC7eSC6efjfRPuuawyJv-1mA"]},{"@type":"Person","@id":"https:\/\/jaleomadrid.com\/#\/schema\/person\/1aa4d134d7bd041edbadc70edafbadee","name":"JaleoMadrid","image":{"@type":"ImageObject","inLanguage":"fr-FR","@id":"https:\/\/secure.gravatar.com\/avatar\/058d5402d57882d5d77fc87b4ad4198b4c2366f88bf1fb134bec6a6c887ac70f?s=96&d=mm&r=g","url":"https:\/\/secure.gravatar.com\/avatar\/058d5402d57882d5d77fc87b4ad4198b4c2366f88bf1fb134bec6a6c887ac70f?s=96&d=mm&r=g","contentUrl":"https:\/\/secure.gravatar.com\/avatar\/058d5402d57882d5d77fc87b4ad4198b4c2366f88bf1fb134bec6a6c887ac70f?s=96&d=mm&r=g","caption":"JaleoMadrid"},"url":"https:\/\/jaleomadrid.com\/fr\/author\/jaleomadrid\/"}]}},"_links":{"self":[{"href":"https:\/\/jaleomadrid.com\/fr\/wp-json\/wp\/v2\/posts\/1995","targetHints":{"allow":["GET"]}}],"collection":[{"href":"https:\/\/jaleomadrid.com\/fr\/wp-json\/wp\/v2\/posts"}],"about":[{"href":"https:\/\/jaleomadrid.com\/fr\/wp-json\/wp\/v2\/types\/post"}],"author":[{"embeddable":true,"href":"https:\/\/jaleomadrid.com\/fr\/wp-json\/wp\/v2\/users\/2"}],"replies":[{"embeddable":true,"href":"https:\/\/jaleomadrid.com\/fr\/wp-json\/wp\/v2\/comments?post=1995"}],"version-history":[{"count":0,"href":"https:\/\/jaleomadrid.com\/fr\/wp-json\/wp\/v2\/posts\/1995\/revisions"}],"wp:featuredmedia":[{"embeddable":true,"href":"https:\/\/jaleomadrid.com\/fr\/wp-json\/wp\/v2\/media\/3060"}],"wp:attachment":[{"href":"https:\/\/jaleomadrid.com\/fr\/wp-json\/wp\/v2\/media?parent=1995"}],"wp:term":[{"taxonomy":"category","embeddable":true,"href":"https:\/\/jaleomadrid.com\/fr\/wp-json\/wp\/v2\/categories?post=1995"},{"taxonomy":"post_tag","embeddable":true,"href":"https:\/\/jaleomadrid.com\/fr\/wp-json\/wp\/v2\/tags?post=1995"}],"curies":[{"name":"wp","href":"https:\/\/api.w.org\/{rel}","templated":true}]}}