{"id":2819,"date":"2023-02-22T17:12:01","date_gmt":"2023-02-22T16:12:01","guid":{"rendered":"https:\/\/antiguo.jaleomadrid.com\/?p=2819"},"modified":"2023-04-03T16:34:44","modified_gmt":"2023-04-03T14:34:44","slug":"un-congreso-para-reencontrarnos-y-seguir-mejorando","status":"publish","type":"post","link":"https:\/\/jaleomadrid.com\/fr\/un-congreso-para-reencontrarnos-y-seguir-mejorando\/","title":{"rendered":"Un congr\u00e8s pour se retrouver et continuer \u00e0 s'am\u00e9liorer"},"content":{"rendered":"<p>L'\u00e9quipe de Jaleo Madrid est tr\u00e8s satisfaite (et un peu nerveuse). La raison en est que les 10 et 11 mars, nous nous rendrons \u00e0 l'exposition de <a href=\"https:\/\/difusion.com\/xijornadasdidacticas\/\" target=\"_blank\" rel=\"noopener\">les XI Jornadas did\u00e1cticas de ELE \u00e0 Madrid que organise la r\u00e9daction Difusi\u00f3n<\/a>. \u00a1Pour finir, nous verrons les voitures de nos coll\u00e8gues de travail apr\u00e8s tant de temps !<\/p>\n<p>Madrid accueille cet \u00e9v\u00e9nement au cours duquel se tiendront des conf\u00e9rences et des d\u00e9bats li\u00e9s \u00e0 notre profession : l'espagnol en tant que langue \u00e9trang\u00e8re. <strong>Il s'agit de deux journ\u00e9es pleines d'apprentissage, de rencontres et d'\u00e9changes.<\/strong><\/p>\n<p><strong>Nous sommes tr\u00e8s optimistes car le dernier congr\u00e8s d'espagnol auquel nous avons assist\u00e9 s'est tenu en 2019.<\/strong>, un peu apr\u00e8s la cr\u00e9ation officielle de Jaleo Madrid. Depuis lors, le covid et le calendrier se sont impos\u00e9s sur notre chemin. Cependant, apr\u00e8s tant d'ann\u00e9es, nous avons d\u00e9cid\u00e9 de nous retirer. Ahora con m\u00e1s miembros en el equipo de nuestra cooperativa y con local propio. Adem\u00e1s, pronto tendremos novedades, pero no podemos decir nada de momento. Crucemos los dedos.<\/p>\n<p>Outre la rencontre avec d'autres coll\u00e8gues, nous souhaitons participer \u00e0 toutes les r\u00e9unions et conf\u00e9rences afin de pouvoir mettre en pratique ce que nous avons appris dans nos cours. Merci \u00e0 tous les congr\u00e8s auxquels nous avons particip\u00e9 (et \u00e0 l'application de ce que nous avons appris), <strong>notre formation s'est consid\u00e9rablement am\u00e9lior\u00e9e, ce dont nos \u00e9tudiants se f\u00e9licitent dans chaque classe<\/strong>.<\/p>\n<p>Si vous voulez comprendre comment les congr\u00e8s am\u00e9liorent nos cours, nous vous invitons \u00e0 assister \u00e0 l'un d'entre eux. <strong>Rappelez-vous que vous avez un cours de groupe gratuit sans compromis au cours du mois de mars prochain.<\/strong>. Inscrire <a href=\"#contact\">aqu\u00ed !<\/a>\u00a0Te esperamos.<\/p>","protected":false},"excerpt":{"rendered":"<p>En el equipo de Jaleo Madrid estamos muy contentos (y tambi\u00e9n un poco nerviosos) \u00faltimamente. El motivo es que el 10 y el 11 de marzo vamos a asistir a las XI Jornadas did\u00e1cticas de ELE en Madrid que organiza la editorial Difusi\u00f3n. \u00a1Por fin volveremos a ver las caras de nuestros compa\u00f1eros de profesi\u00f3n [&hellip;]<\/p>\n","protected":false},"author":2,"featured_media":3093,"comment_status":"closed","ping_status":"open","sticky":false,"template":"","format":"standard","meta":{"inline_featured_image":false,"footnotes":""},"categories":[101],"tags":[247,248,140],"class_list":["post-2819","post","type-post","status-publish","format-standard","has-post-thumbnail","hentry","category-lost-in-translation","tag-congreso","tag-difusion","tag-ele"],"yoast_head":"<!-- This site is optimized with the Yoast SEO plugin v27.5 - https:\/\/yoast.com\/product\/yoast-seo-wordpress\/ -->\n<title>Un congreso para reencontrarnos y seguir mejorando<\/title>\n<meta name=\"description\" content=\"En el equipo de Jaleo Madrid estamos muy contentos \u00faltimamente. El motivo es que el 10 y el 11 de marzo vamos a asistir a un congreso de espa\u00f1ol.\" \/>\n<meta name=\"robots\" content=\"index, follow, max-snippet:-1, max-image-preview:large, max-video-preview:-1\" \/>\n<link rel=\"canonical\" href=\"https:\/\/jaleomadrid.com\/fr\/un-congreso-para-reencontrarnos-y-seguir-mejorando\/\" \/>\n<meta property=\"og:locale\" content=\"fr_FR\" \/>\n<meta property=\"og:type\" content=\"article\" \/>\n<meta property=\"og:title\" content=\"Un congreso para reencontrarnos y seguir mejorando\" \/>\n<meta property=\"og:description\" content=\"En el equipo de Jaleo Madrid estamos muy contentos \u00faltimamente. El motivo es que el 10 y el 11 de marzo vamos a asistir a un congreso de espa\u00f1ol.\" \/>\n<meta property=\"og:url\" content=\"https:\/\/jaleomadrid.com\/fr\/un-congreso-para-reencontrarnos-y-seguir-mejorando\/\" \/>\n<meta property=\"og:site_name\" content=\"Jaleo Madrid Spanish School\" \/>\n<meta property=\"article:publisher\" content=\"https:\/\/www.facebook.com\/JaleoMad\" \/>\n<meta property=\"article:published_time\" content=\"2023-02-22T16:12:01+00:00\" \/>\n<meta property=\"article:modified_time\" content=\"2023-04-03T14:34:44+00:00\" \/>\n<meta property=\"og:image\" content=\"https:\/\/jaleomadrid.com\/wp-content\/uploads\/2023\/03\/technology-g96c1f4b0d_1920.jpg\" \/>\n\t<meta property=\"og:image:width\" content=\"1920\" \/>\n\t<meta property=\"og:image:height\" content=\"1279\" \/>\n\t<meta property=\"og:image:type\" content=\"image\/jpeg\" \/>\n<meta name=\"author\" content=\"JaleoMadrid\" \/>\n<meta name=\"twitter:card\" content=\"summary_large_image\" \/>\n<meta name=\"twitter:creator\" content=\"@Jaleo_Madrid\" \/>\n<meta name=\"twitter:site\" content=\"@Jaleo_Madrid\" \/>\n<meta name=\"twitter:label1\" content=\"\u00c9crit par\" \/>\n\t<meta name=\"twitter:data1\" content=\"JaleoMadrid\" \/>\n\t<meta name=\"twitter:label2\" content=\"Dur\u00e9e de lecture estim\u00e9e\" \/>\n\t<meta name=\"twitter:data2\" content=\"2 minutes\" \/>\n<script type=\"application\/ld+json\" class=\"yoast-schema-graph\">{\"@context\":\"https:\\\/\\\/schema.org\",\"@graph\":[{\"@type\":[\"Article\",\"BlogPosting\"],\"@id\":\"https:\\\/\\\/jaleomadrid.com\\\/un-congreso-para-reencontrarnos-y-seguir-mejorando\\\/#article\",\"isPartOf\":{\"@id\":\"https:\\\/\\\/jaleomadrid.com\\\/un-congreso-para-reencontrarnos-y-seguir-mejorando\\\/\"},\"author\":{\"name\":\"JaleoMadrid\",\"@id\":\"https:\\\/\\\/jaleomadrid.com\\\/#\\\/schema\\\/person\\\/1aa4d134d7bd041edbadc70edafbadee\"},\"headline\":\"Un congreso para reencontrarnos y seguir mejorando\",\"datePublished\":\"2023-02-22T16:12:01+00:00\",\"dateModified\":\"2023-04-03T14:34:44+00:00\",\"mainEntityOfPage\":{\"@id\":\"https:\\\/\\\/jaleomadrid.com\\\/un-congreso-para-reencontrarnos-y-seguir-mejorando\\\/\"},\"wordCount\":274,\"publisher\":{\"@id\":\"https:\\\/\\\/jaleomadrid.com\\\/#organization\"},\"image\":{\"@id\":\"https:\\\/\\\/jaleomadrid.com\\\/un-congreso-para-reencontrarnos-y-seguir-mejorando\\\/#primaryimage\"},\"thumbnailUrl\":\"https:\\\/\\\/jaleomadrid.com\\\/wp-content\\\/uploads\\\/2023\\\/03\\\/technology-g96c1f4b0d_1920.jpg\",\"keywords\":[\"congreso\",\"Difusi\u00f3n\",\"ELE\"],\"articleSection\":[\"Lost in Translation\"],\"inLanguage\":\"fr-FR\"},{\"@type\":[\"WebPage\",\"ItemPage\"],\"@id\":\"https:\\\/\\\/jaleomadrid.com\\\/un-congreso-para-reencontrarnos-y-seguir-mejorando\\\/\",\"url\":\"https:\\\/\\\/jaleomadrid.com\\\/un-congreso-para-reencontrarnos-y-seguir-mejorando\\\/\",\"name\":\"Un congreso para reencontrarnos y seguir mejorando\",\"isPartOf\":{\"@id\":\"https:\\\/\\\/jaleomadrid.com\\\/#website\"},\"primaryImageOfPage\":{\"@id\":\"https:\\\/\\\/jaleomadrid.com\\\/un-congreso-para-reencontrarnos-y-seguir-mejorando\\\/#primaryimage\"},\"image\":{\"@id\":\"https:\\\/\\\/jaleomadrid.com\\\/un-congreso-para-reencontrarnos-y-seguir-mejorando\\\/#primaryimage\"},\"thumbnailUrl\":\"https:\\\/\\\/jaleomadrid.com\\\/wp-content\\\/uploads\\\/2023\\\/03\\\/technology-g96c1f4b0d_1920.jpg\",\"datePublished\":\"2023-02-22T16:12:01+00:00\",\"dateModified\":\"2023-04-03T14:34:44+00:00\",\"description\":\"En el equipo de Jaleo Madrid estamos muy contentos \u00faltimamente. El motivo es que el 10 y el 11 de marzo vamos a asistir a un congreso de espa\u00f1ol.\",\"breadcrumb\":{\"@id\":\"https:\\\/\\\/jaleomadrid.com\\\/un-congreso-para-reencontrarnos-y-seguir-mejorando\\\/#breadcrumb\"},\"inLanguage\":\"fr-FR\",\"potentialAction\":[{\"@type\":\"ReadAction\",\"target\":[\"https:\\\/\\\/jaleomadrid.com\\\/un-congreso-para-reencontrarnos-y-seguir-mejorando\\\/\"]}]},{\"@type\":\"ImageObject\",\"inLanguage\":\"fr-FR\",\"@id\":\"https:\\\/\\\/jaleomadrid.com\\\/un-congreso-para-reencontrarnos-y-seguir-mejorando\\\/#primaryimage\",\"url\":\"https:\\\/\\\/jaleomadrid.com\\\/wp-content\\\/uploads\\\/2023\\\/03\\\/technology-g96c1f4b0d_1920.jpg\",\"contentUrl\":\"https:\\\/\\\/jaleomadrid.com\\\/wp-content\\\/uploads\\\/2023\\\/03\\\/technology-g96c1f4b0d_1920.jpg\",\"width\":1500,\"height\":999},{\"@type\":\"BreadcrumbList\",\"@id\":\"https:\\\/\\\/jaleomadrid.com\\\/un-congreso-para-reencontrarnos-y-seguir-mejorando\\\/#breadcrumb\",\"itemListElement\":[{\"@type\":\"ListItem\",\"position\":1,\"name\":\"Home\",\"item\":\"https:\\\/\\\/jaleomadrid.com\\\/\"},{\"@type\":\"ListItem\",\"position\":2,\"name\":\"Lost in Translation\",\"item\":\"https:\\\/\\\/jaleomadrid.com\\\/category\\\/lost-in-translation\\\/\"},{\"@type\":\"ListItem\",\"position\":3,\"name\":\"Un congreso para reencontrarnos y seguir mejorando\"}]},{\"@type\":\"WebSite\",\"@id\":\"https:\\\/\\\/jaleomadrid.com\\\/#website\",\"url\":\"https:\\\/\\\/jaleomadrid.com\\\/\",\"name\":\"Jaleo Madrid Spanish School\",\"description\":\"A Spanish School Founded by Spanish Teachers\",\"publisher\":{\"@id\":\"https:\\\/\\\/jaleomadrid.com\\\/#organization\"},\"potentialAction\":[{\"@type\":\"SearchAction\",\"target\":{\"@type\":\"EntryPoint\",\"urlTemplate\":\"https:\\\/\\\/jaleomadrid.com\\\/?s={search_term_string}\"},\"query-input\":{\"@type\":\"PropertyValueSpecification\",\"valueRequired\":true,\"valueName\":\"search_term_string\"}}],\"inLanguage\":\"fr-FR\"},{\"@type\":\"Organization\",\"@id\":\"https:\\\/\\\/jaleomadrid.com\\\/#organization\",\"name\":\"Jaleo Madrid Spanish School\",\"url\":\"https:\\\/\\\/jaleomadrid.com\\\/\",\"logo\":{\"@type\":\"ImageObject\",\"inLanguage\":\"fr-FR\",\"@id\":\"https:\\\/\\\/jaleomadrid.com\\\/#\\\/schema\\\/logo\\\/image\\\/\",\"url\":\"https:\\\/\\\/jaleomadrid.com\\\/wp-content\\\/uploads\\\/2023\\\/03\\\/logotipo-jaleo-madrid-spanish-school-square.jpg\",\"contentUrl\":\"https:\\\/\\\/jaleomadrid.com\\\/wp-content\\\/uploads\\\/2023\\\/03\\\/logotipo-jaleo-madrid-spanish-school-square.jpg\",\"width\":1000,\"height\":1000,\"caption\":\"Jaleo Madrid Spanish School\"},\"image\":{\"@id\":\"https:\\\/\\\/jaleomadrid.com\\\/#\\\/schema\\\/logo\\\/image\\\/\"},\"sameAs\":[\"https:\\\/\\\/www.facebook.com\\\/JaleoMad\",\"https:\\\/\\\/x.com\\\/Jaleo_Madrid\",\"https:\\\/\\\/www.instagram.com\\\/jaleo_madrid\\\/\",\"https:\\\/\\\/www.youtube.com\\\/channel\\\/UC7eSC6efjfRPuuawyJv-1mA\"]},{\"@type\":\"Person\",\"@id\":\"https:\\\/\\\/jaleomadrid.com\\\/#\\\/schema\\\/person\\\/1aa4d134d7bd041edbadc70edafbadee\",\"name\":\"JaleoMadrid\",\"image\":{\"@type\":\"ImageObject\",\"inLanguage\":\"fr-FR\",\"@id\":\"https:\\\/\\\/secure.gravatar.com\\\/avatar\\\/058d5402d57882d5d77fc87b4ad4198b4c2366f88bf1fb134bec6a6c887ac70f?s=96&d=mm&r=g\",\"url\":\"https:\\\/\\\/secure.gravatar.com\\\/avatar\\\/058d5402d57882d5d77fc87b4ad4198b4c2366f88bf1fb134bec6a6c887ac70f?s=96&d=mm&r=g\",\"contentUrl\":\"https:\\\/\\\/secure.gravatar.com\\\/avatar\\\/058d5402d57882d5d77fc87b4ad4198b4c2366f88bf1fb134bec6a6c887ac70f?s=96&d=mm&r=g\",\"caption\":\"JaleoMadrid\"},\"url\":\"https:\\\/\\\/jaleomadrid.com\\\/fr\\\/author\\\/jaleomadrid\\\/\"}]}<\/script>\n<!-- \/ Yoast SEO plugin. -->","yoast_head_json":{"title":"Un congr\u00e8s pour se retrouver et continuer \u00e0 s'am\u00e9liorer","description":"L'\u00e9quipe de Jaleo Madrid est tr\u00e8s satisfaite de la situation actuelle. La raison en est que les 10 et 11 mars, nous participerons \u00e0 un congr\u00e8s d'espagnol.","robots":{"index":"index","follow":"follow","max-snippet":"max-snippet:-1","max-image-preview":"max-image-preview:large","max-video-preview":"max-video-preview:-1"},"canonical":"https:\/\/jaleomadrid.com\/fr\/un-congreso-para-reencontrarnos-y-seguir-mejorando\/","og_locale":"fr_FR","og_type":"article","og_title":"Un congreso para reencontrarnos y seguir mejorando","og_description":"En el equipo de Jaleo Madrid estamos muy contentos \u00faltimamente. El motivo es que el 10 y el 11 de marzo vamos a asistir a un congreso de espa\u00f1ol.","og_url":"https:\/\/jaleomadrid.com\/fr\/un-congreso-para-reencontrarnos-y-seguir-mejorando\/","og_site_name":"Jaleo Madrid Spanish School","article_publisher":"https:\/\/www.facebook.com\/JaleoMad","article_published_time":"2023-02-22T16:12:01+00:00","article_modified_time":"2023-04-03T14:34:44+00:00","og_image":[{"width":1920,"height":1279,"url":"https:\/\/jaleomadrid.com\/wp-content\/uploads\/2023\/03\/technology-g96c1f4b0d_1920.jpg","type":"image\/jpeg"}],"author":"JaleoMadrid","twitter_card":"summary_large_image","twitter_creator":"@Jaleo_Madrid","twitter_site":"@Jaleo_Madrid","twitter_misc":{"\u00c9crit par":"JaleoMadrid","Dur\u00e9e de lecture estim\u00e9e":"2 minutes"},"schema":{"@context":"https:\/\/schema.org","@graph":[{"@type":["Article","BlogPosting"],"@id":"https:\/\/jaleomadrid.com\/un-congreso-para-reencontrarnos-y-seguir-mejorando\/#article","isPartOf":{"@id":"https:\/\/jaleomadrid.com\/un-congreso-para-reencontrarnos-y-seguir-mejorando\/"},"author":{"name":"JaleoMadrid","@id":"https:\/\/jaleomadrid.com\/#\/schema\/person\/1aa4d134d7bd041edbadc70edafbadee"},"headline":"Un congreso para reencontrarnos y seguir mejorando","datePublished":"2023-02-22T16:12:01+00:00","dateModified":"2023-04-03T14:34:44+00:00","mainEntityOfPage":{"@id":"https:\/\/jaleomadrid.com\/un-congreso-para-reencontrarnos-y-seguir-mejorando\/"},"wordCount":274,"publisher":{"@id":"https:\/\/jaleomadrid.com\/#organization"},"image":{"@id":"https:\/\/jaleomadrid.com\/un-congreso-para-reencontrarnos-y-seguir-mejorando\/#primaryimage"},"thumbnailUrl":"https:\/\/jaleomadrid.com\/wp-content\/uploads\/2023\/03\/technology-g96c1f4b0d_1920.jpg","keywords":["congreso","Difusi\u00f3n","ELE"],"articleSection":["Lost in Translation"],"inLanguage":"fr-FR"},{"@type":["WebPage","ItemPage"],"@id":"https:\/\/jaleomadrid.com\/un-congreso-para-reencontrarnos-y-seguir-mejorando\/","url":"https:\/\/jaleomadrid.com\/un-congreso-para-reencontrarnos-y-seguir-mejorando\/","name":"Un congr\u00e8s pour se retrouver et continuer \u00e0 s'am\u00e9liorer","isPartOf":{"@id":"https:\/\/jaleomadrid.com\/#website"},"primaryImageOfPage":{"@id":"https:\/\/jaleomadrid.com\/un-congreso-para-reencontrarnos-y-seguir-mejorando\/#primaryimage"},"image":{"@id":"https:\/\/jaleomadrid.com\/un-congreso-para-reencontrarnos-y-seguir-mejorando\/#primaryimage"},"thumbnailUrl":"https:\/\/jaleomadrid.com\/wp-content\/uploads\/2023\/03\/technology-g96c1f4b0d_1920.jpg","datePublished":"2023-02-22T16:12:01+00:00","dateModified":"2023-04-03T14:34:44+00:00","description":"L'\u00e9quipe de Jaleo Madrid est tr\u00e8s satisfaite de la situation actuelle. La raison en est que les 10 et 11 mars, nous participerons \u00e0 un congr\u00e8s d'espagnol.","breadcrumb":{"@id":"https:\/\/jaleomadrid.com\/un-congreso-para-reencontrarnos-y-seguir-mejorando\/#breadcrumb"},"inLanguage":"fr-FR","potentialAction":[{"@type":"ReadAction","target":["https:\/\/jaleomadrid.com\/un-congreso-para-reencontrarnos-y-seguir-mejorando\/"]}]},{"@type":"ImageObject","inLanguage":"fr-FR","@id":"https:\/\/jaleomadrid.com\/un-congreso-para-reencontrarnos-y-seguir-mejorando\/#primaryimage","url":"https:\/\/jaleomadrid.com\/wp-content\/uploads\/2023\/03\/technology-g96c1f4b0d_1920.jpg","contentUrl":"https:\/\/jaleomadrid.com\/wp-content\/uploads\/2023\/03\/technology-g96c1f4b0d_1920.jpg","width":1500,"height":999},{"@type":"BreadcrumbList","@id":"https:\/\/jaleomadrid.com\/un-congreso-para-reencontrarnos-y-seguir-mejorando\/#breadcrumb","itemListElement":[{"@type":"ListItem","position":1,"name":"Home","item":"https:\/\/jaleomadrid.com\/"},{"@type":"ListItem","position":2,"name":"Lost in Translation","item":"https:\/\/jaleomadrid.com\/category\/lost-in-translation\/"},{"@type":"ListItem","position":3,"name":"Un congreso para reencontrarnos y seguir mejorando"}]},{"@type":"WebSite","@id":"https:\/\/jaleomadrid.com\/#website","url":"https:\/\/jaleomadrid.com\/","name":"\u00c9cole d'espagnol Jaleo Madrid","description":"Une \u00e9cole d'espagnol fond\u00e9e par des professeurs d'espagnol","publisher":{"@id":"https:\/\/jaleomadrid.com\/#organization"},"potentialAction":[{"@type":"SearchAction","target":{"@type":"EntryPoint","urlTemplate":"https:\/\/jaleomadrid.com\/?s={search_term_string}"},"query-input":{"@type":"PropertyValueSpecification","valueRequired":true,"valueName":"search_term_string"}}],"inLanguage":"fr-FR"},{"@type":"Organization","@id":"https:\/\/jaleomadrid.com\/#organization","name":"\u00c9cole d'espagnol Jaleo Madrid","url":"https:\/\/jaleomadrid.com\/","logo":{"@type":"ImageObject","inLanguage":"fr-FR","@id":"https:\/\/jaleomadrid.com\/#\/schema\/logo\/image\/","url":"https:\/\/jaleomadrid.com\/wp-content\/uploads\/2023\/03\/logotipo-jaleo-madrid-spanish-school-square.jpg","contentUrl":"https:\/\/jaleomadrid.com\/wp-content\/uploads\/2023\/03\/logotipo-jaleo-madrid-spanish-school-square.jpg","width":1000,"height":1000,"caption":"Jaleo Madrid Spanish School"},"image":{"@id":"https:\/\/jaleomadrid.com\/#\/schema\/logo\/image\/"},"sameAs":["https:\/\/www.facebook.com\/JaleoMad","https:\/\/x.com\/Jaleo_Madrid","https:\/\/www.instagram.com\/jaleo_madrid\/","https:\/\/www.youtube.com\/channel\/UC7eSC6efjfRPuuawyJv-1mA"]},{"@type":"Person","@id":"https:\/\/jaleomadrid.com\/#\/schema\/person\/1aa4d134d7bd041edbadc70edafbadee","name":"JaleoMadrid","image":{"@type":"ImageObject","inLanguage":"fr-FR","@id":"https:\/\/secure.gravatar.com\/avatar\/058d5402d57882d5d77fc87b4ad4198b4c2366f88bf1fb134bec6a6c887ac70f?s=96&d=mm&r=g","url":"https:\/\/secure.gravatar.com\/avatar\/058d5402d57882d5d77fc87b4ad4198b4c2366f88bf1fb134bec6a6c887ac70f?s=96&d=mm&r=g","contentUrl":"https:\/\/secure.gravatar.com\/avatar\/058d5402d57882d5d77fc87b4ad4198b4c2366f88bf1fb134bec6a6c887ac70f?s=96&d=mm&r=g","caption":"JaleoMadrid"},"url":"https:\/\/jaleomadrid.com\/fr\/author\/jaleomadrid\/"}]}},"_links":{"self":[{"href":"https:\/\/jaleomadrid.com\/fr\/wp-json\/wp\/v2\/posts\/2819","targetHints":{"allow":["GET"]}}],"collection":[{"href":"https:\/\/jaleomadrid.com\/fr\/wp-json\/wp\/v2\/posts"}],"about":[{"href":"https:\/\/jaleomadrid.com\/fr\/wp-json\/wp\/v2\/types\/post"}],"author":[{"embeddable":true,"href":"https:\/\/jaleomadrid.com\/fr\/wp-json\/wp\/v2\/users\/2"}],"replies":[{"embeddable":true,"href":"https:\/\/jaleomadrid.com\/fr\/wp-json\/wp\/v2\/comments?post=2819"}],"version-history":[{"count":0,"href":"https:\/\/jaleomadrid.com\/fr\/wp-json\/wp\/v2\/posts\/2819\/revisions"}],"wp:featuredmedia":[{"embeddable":true,"href":"https:\/\/jaleomadrid.com\/fr\/wp-json\/wp\/v2\/media\/3093"}],"wp:attachment":[{"href":"https:\/\/jaleomadrid.com\/fr\/wp-json\/wp\/v2\/media?parent=2819"}],"wp:term":[{"taxonomy":"category","embeddable":true,"href":"https:\/\/jaleomadrid.com\/fr\/wp-json\/wp\/v2\/categories?post=2819"},{"taxonomy":"post_tag","embeddable":true,"href":"https:\/\/jaleomadrid.com\/fr\/wp-json\/wp\/v2\/tags?post=2819"}],"curies":[{"name":"wp","href":"https:\/\/api.w.org\/{rel}","templated":true}]}}